{"id":17417,"date":"2024-10-04T22:58:56","date_gmt":"2024-10-04T20:58:56","guid":{"rendered":"https:\/\/www.svzweckel.de\/?p=17417"},"modified":"2024-10-10T12:29:19","modified_gmt":"2024-10-10T10:29:19","slug":"unentschieden-vor-600-zuschauern-in-kirchhellen","status":"publish","type":"post","link":"https:\/\/www.svzweckel.de\/?p=17417","title":{"rendered":"Unentschieden vor 600 Zuschauern in Kirchhellen"},"content":{"rendered":"\n<p>VfB Kirchhhellen &#8211; SV Zweckel 2:2 (1:0)<\/p>\n\n\n\n<p>Bevor das Spiel begann gedachten die Mannschaften und Zuschauer mit einer Schweigeminute insbesondere dem gestern verstorbenen Fu\u00dfballer des VfL Grafenwald. Aus diesem Grund spielten auch beide Teams mit Trauerflor.<\/p>\n\n\n\n<p>Danach erlebten die mehr als 600 Zuschauer ein spannendes Spiel auf dem Kunstrasenplatz des VfB Kirchhellen an der Loewenfeldstra\u00dfe. <\/p>\n\n\n\n<p>Die ersten Minuten geh\u00f6rten den Hausherren, die jedoch im gesamten Spiel zu selten gef\u00e4hrlich vor das Zweckeler Tor kamen. Doch in der 15. Minute h\u00e4tten die G\u00e4ste durch Jan Schwers in F\u00fchrung gehen k\u00f6nnen. Er ging alleine auf das G\u00e4stetor zu, \u00fcberlegte wohl etwas zu lange und schob den Ball dann rechts am Tor vorbei.<\/p>\n\n\n\n<p>In der Folge waren die Zweckeler der F\u00fchrung n\u00e4her als die Gastgeber, scheierten allerdings durch Serkan K\u00f6se und zweimal Sebastian Waldner. <\/p>\n\n\n\n<p>Neben Tolga Koca und Justin Schwandt mussten die Zweckeler auch auf die erkrankten Marlon Boris und Milad Sahebzada verzichten.<\/p>\n\n\n\n<p>In der Abwehrreihe starteten mit Yllie Rushiti, Leon Heckmann und Nick Kossak drei 19j\u00e4hrige und bew\u00e4ltigten ihre Aufgabe sehr ordentlich. Doch auch diese waren in der 30. Minute ohne Chance gegen den gekonnten F\u00fchrungstreffer des Kirchhellener Oldies Stefan Kahnert. Dieser sch\u00f6ne Treffer kam fast aus dem Nichts, denn die Gastgeber waren zu diesem Zeitpunkt nicht wirklich am Dr\u00fccker.<\/p>\n\n\n\n<p>Nach der Pause kam Erdem Kahraman in der 51. Minute f\u00fcr Marcel Heidenreich und erzielte nur eine Minute sp\u00e4ter nach einem langen Abschlag von Torh\u00fcter Dario Schierenberg den Ausgleichstreffer. <\/p>\n\n\n\n<figure class=\"wp-block-image size-large is-resized\"><img data-recalc-dims=\"1\" loading=\"lazy\" decoding=\"async\" width=\"640\" height=\"360\" src=\"https:\/\/i0.wp.com\/www.svzweckel.de\/wp-content\/uploads\/wp-17280713605368293547587382388784.jpg?resize=640%2C360&#038;ssl=1\" alt=\"Erdem Kahraman wird von seinen Mitspielern zum Ausgleich begl\u00fcckw\u00fcnscht. \" class=\"wp-image-17410\" style=\"width:841px;height:auto\" srcset=\"https:\/\/i0.wp.com\/www.svzweckel.de\/wp-content\/uploads\/wp-17280713605368293547587382388784.jpg?resize=800%2C450&amp;ssl=1 800w, https:\/\/i0.wp.com\/www.svzweckel.de\/wp-content\/uploads\/wp-17280713605368293547587382388784.jpg?resize=300%2C169&amp;ssl=1 300w, https:\/\/i0.wp.com\/www.svzweckel.de\/wp-content\/uploads\/wp-17280713605368293547587382388784.jpg?resize=150%2C84&amp;ssl=1 150w, https:\/\/i0.wp.com\/www.svzweckel.de\/wp-content\/uploads\/wp-17280713605368293547587382388784.jpg?resize=768%2C432&amp;ssl=1 768w, https:\/\/i0.wp.com\/www.svzweckel.de\/wp-content\/uploads\/wp-17280713605368293547587382388784.jpg?resize=1536%2C864&amp;ssl=1 1536w, https:\/\/i0.wp.com\/www.svzweckel.de\/wp-content\/uploads\/wp-17280713605368293547587382388784.jpg?resize=640%2C360&amp;ssl=1 640w, https:\/\/i0.wp.com\/www.svzweckel.de\/wp-content\/uploads\/wp-17280713605368293547587382388784.jpg?resize=100%2C56&amp;ssl=1 100w, https:\/\/i0.wp.com\/www.svzweckel.de\/wp-content\/uploads\/wp-17280713605368293547587382388784.jpg?resize=50%2C28&amp;ssl=1 50w, https:\/\/i0.wp.com\/www.svzweckel.de\/wp-content\/uploads\/wp-17280713605368293547587382388784.jpg?resize=25%2C14&amp;ssl=1 25w, https:\/\/i0.wp.com\/www.svzweckel.de\/wp-content\/uploads\/wp-17280713605368293547587382388784.jpg?resize=569%2C320&amp;ssl=1 569w, https:\/\/i0.wp.com\/www.svzweckel.de\/wp-content\/uploads\/wp-17280713605368293547587382388784.jpg?resize=160%2C90&amp;ssl=1 160w, https:\/\/i0.wp.com\/www.svzweckel.de\/wp-content\/uploads\/wp-17280713605368293547587382388784.jpg?w=2000&amp;ssl=1 2000w, https:\/\/i0.wp.com\/www.svzweckel.de\/wp-content\/uploads\/wp-17280713605368293547587382388784.jpg?w=1280&amp;ssl=1 1280w, https:\/\/i0.wp.com\/www.svzweckel.de\/wp-content\/uploads\/wp-17280713605368293547587382388784.jpg?w=1920&amp;ssl=1 1920w\" sizes=\"auto, (max-width: 640px) 100vw, 640px\" \/><\/figure>\n\n\n\n<p>In der Folge waren die Schwarz-Gr\u00fcnen wieder am Dr\u00fccker und dr\u00e4ngten auf die F\u00fchrung. Jan Schwers setzte sich in der 74. auf der rechten Seite durch und passte zum mitgelaufenen Moritz Heidenreich, der den Ball zum vielumjubelten F\u00fchrungstreffer sicher im Kirchhellener Tor versenkte.<\/p>\n\n\n\n<p>Danach musste der Torsch\u00fctze leider ausgewechselt werden, denn nach einer \u00fcberstandenen Corona-Infektion fehlte ihm noch die Kraft f\u00fcr ein gesamtes Spiel. <\/p>\n\n\n\n<p>In der 84. Minute entschied der wirklich gut pfeifende 21j\u00e4hrige Schiedsrichter Noah Bode auf Foulspiel durch eine Zweckeler Spieler an der Strafraumkante. Damit lag er nach Ansicht der G\u00e4ste v\u00f6llig daneben, denn der Kirchhellener Spieler hatte den Zweckeler getroffen. Der daraus resultierende Freisto\u00df f\u00fchrte direkt zum Ausgleich f\u00fcr die Gastgeber.<\/p>\n\n\n\n<p>Eine heftiges Foul gegen Sebastian Waldner auf der anderen Seite bewertete er leider auch falsch und lie\u00df weiterspielen. Das waren aber auch die einzigen Fehler, die er sich leistete.<\/p>\n\n\n\n<p>Ein insgesamt sehr faires Spiel ging um kurz vor 21 Uhr zu Ende. F\u00fcr die Zweckeler ist das Unentschieden \u00fcber das gesamt Spiel gesehen etwas ungl\u00fccklich, allerdings h\u00e4tte es in den letzten Minuten auch komplett kippen k\u00f6nnen. <\/p>\n","protected":false},"excerpt":{"rendered":"<p>VfB Kirchhhellen &#8211; SV Zweckel 2:2 (1:0) Bevor das Spiel begann gedachten die Mannschaften und Zuschauer mit einer Schweigeminute insbesondere dem gestern verstorbenen Fu\u00dfballer des VfL Grafenwald. Aus diesem Grund spielten auch beide Teams mit Trauerflor. Danach erlebten die mehr als 600 Zuschauer ein spannendes Spiel auf dem Kunstrasenplatz des VfB Kirchhellen an der Loewenfeldstra\u00dfe. [&hellip;]<\/p>\n","protected":false},"author":3,"featured_media":17413,"comment_status":"open","ping_status":"closed","sticky":false,"template":"","format":"standard","meta":{"_jetpack_memberships_contains_paid_content":false,"footnotes":"","jetpack_publicize_message":"","jetpack_publicize_feature_enabled":true,"jetpack_social_post_already_shared":true,"jetpack_social_options":{"image_generator_settings":{"template":"highway","default_image_id":0,"font":"","enabled":false},"version":2}},"categories":[2],"tags":[],"class_list":["post-17417","post","type-post","status-publish","format-standard","has-post-thumbnail","hentry","category-1-mannschaft"],"jetpack_publicize_connections":[],"jetpack_featured_media_url":"https:\/\/i0.wp.com\/www.svzweckel.de\/wp-content\/uploads\/wp-17280714857406708141477950208197.jpg?fit=2000%2C1125&ssl=1","jetpack_sharing_enabled":true,"_links":{"self":[{"href":"https:\/\/www.svzweckel.de\/index.php?rest_route=\/wp\/v2\/posts\/17417","targetHints":{"allow":["GET"]}}],"collection":[{"href":"https:\/\/www.svzweckel.de\/index.php?rest_route=\/wp\/v2\/posts"}],"about":[{"href":"https:\/\/www.svzweckel.de\/index.php?rest_route=\/wp\/v2\/types\/post"}],"author":[{"embeddable":true,"href":"https:\/\/www.svzweckel.de\/index.php?rest_route=\/wp\/v2\/users\/3"}],"replies":[{"embeddable":true,"href":"https:\/\/www.svzweckel.de\/index.php?rest_route=%2Fwp%2Fv2%2Fcomments&post=17417"}],"version-history":[{"count":3,"href":"https:\/\/www.svzweckel.de\/index.php?rest_route=\/wp\/v2\/posts\/17417\/revisions"}],"predecessor-version":[{"id":17421,"href":"https:\/\/www.svzweckel.de\/index.php?rest_route=\/wp\/v2\/posts\/17417\/revisions\/17421"}],"wp:featuredmedia":[{"embeddable":true,"href":"https:\/\/www.svzweckel.de\/index.php?rest_route=\/wp\/v2\/media\/17413"}],"wp:attachment":[{"href":"https:\/\/www.svzweckel.de\/index.php?rest_route=%2Fwp%2Fv2%2Fmedia&parent=17417"}],"wp:term":[{"taxonomy":"category","embeddable":true,"href":"https:\/\/www.svzweckel.de\/index.php?rest_route=%2Fwp%2Fv2%2Fcategories&post=17417"},{"taxonomy":"post_tag","embeddable":true,"href":"https:\/\/www.svzweckel.de\/index.php?rest_route=%2Fwp%2Fv2%2Ftags&post=17417"}],"curies":[{"name":"wp","href":"https:\/\/api.w.org\/{rel}","templated":true}]}}