{"id":17426,"date":"2024-10-10T12:28:02","date_gmt":"2024-10-10T10:28:02","guid":{"rendered":"https:\/\/www.svzweckel.de\/?p=17426"},"modified":"2024-10-10T12:28:58","modified_gmt":"2024-10-10T10:28:58","slug":"schwere-aufgabe-gegen-hassel","status":"publish","type":"post","link":"https:\/\/www.svzweckel.de\/?p=17426","title":{"rendered":"Schwere Aufgabe gegen Hassel"},"content":{"rendered":"\n<p>Sonntag, 13.10.24, 15:00 Uhr: SV Zweckel &#8211; SC Hassel<\/p>\n\n\n\n<p>Nach dem Freitagabendspiel beim VfB Kirchhellen wartet nun der n\u00e4chste Derby-Gegner auf den SV Zweckel. Am Sonntag wird das Spitzenteam aus Hassel in der Uli Simon Arena erwartet, welches in der laufenden Spielzeit erst ein Spiel verloren hat.<\/p>\n\n\n\n<p>Am letzten Sonntag trennten sich die Hasseler vom hochgehandelten BV Herne-S\u00fcd 0:0. Der Herner Trainer Andre Fuchs sah ein &#8222;typisches 0:0-Spiel&#8220; und liegt mit seiner Mannschaft mit einem Punkt R\u00fcckstand auf dem dritten Tabellenplatz. Nur einen Punkt dahinter rangieren die Hasseler, die den Lauf der letzten Saison mitnehmen konnten und seit Beginn der Saison in der F\u00fchrungsgruppe der Bezirksliga stehen. <\/p>\n\n\n\n<p>Der SV Zweckel hat in den letzten Spielen viele Dinge richtig gemacht, kassierte jedoch immer wieder ungl\u00fcckliche Tore. Der Ausgleich zum Unentschieden in Kirchhellen war zwar durch einen \u00fcberragenden Freisto\u00df durch Max Stratmann erzielt worden, dem ging jedoch eine deutlich Fehlentscheidung des Schiedsrichters voraus, denn er h\u00e4tte auf Freisto\u00df f\u00fcr Zweckel entscheiden m\u00fcssen. <\/p>\n\n\n\n<p>Die Zweckeler hatte deutlich mehr Torgelegenheiten als der Gastgeber herausgespielt, weshalb der G\u00e4stetrainer Martin Str\u00f6tzel auch von einem gl\u00fccklichen Punktgewinn f\u00fcr Kirchhellen sprach. <\/p>\n\n\n\n<p>Der SV Zweckel muss in den n\u00e4chsten Spielen verletzungsbedingt auf Routinier Tolga Koca verzichten. M\u00f6glicherweise stehen allerdings wieder Milad Sahebzada und Marlon Boris zur Verf\u00fcgung, die in Kirchhellen noch passen mussten. <\/p>\n","protected":false},"excerpt":{"rendered":"<p>Sonntag, 13.10.24, 15:00 Uhr: SV Zweckel &#8211; SC Hassel Nach dem Freitagabendspiel beim VfB Kirchhellen wartet nun der n\u00e4chste Derby-Gegner auf den SV Zweckel. Am Sonntag wird das Spitzenteam aus Hassel in der Uli Simon Arena erwartet, welches in der laufenden Spielzeit erst ein Spiel verloren hat. Am letzten Sonntag trennten sich die Hasseler vom [&hellip;]<\/p>\n","protected":false},"author":3,"featured_media":17427,"comment_status":"open","ping_status":"closed","sticky":false,"template":"","format":"standard","meta":{"_jetpack_memberships_contains_paid_content":false,"footnotes":"","jetpack_publicize_message":"","jetpack_publicize_feature_enabled":true,"jetpack_social_post_already_shared":true,"jetpack_social_options":{"image_generator_settings":{"template":"highway","default_image_id":0,"font":"","enabled":false},"version":2}},"categories":[2],"tags":[],"class_list":["post-17426","post","type-post","status-publish","format-standard","has-post-thumbnail","hentry","category-1-mannschaft"],"jetpack_publicize_connections":[],"jetpack_featured_media_url":"https:\/\/i0.wp.com\/www.svzweckel.de\/wp-content\/uploads\/DSC01839-Gross.jpg?fit=1620%2C1080&ssl=1","jetpack_sharing_enabled":true,"_links":{"self":[{"href":"https:\/\/www.svzweckel.de\/index.php?rest_route=\/wp\/v2\/posts\/17426","targetHints":{"allow":["GET"]}}],"collection":[{"href":"https:\/\/www.svzweckel.de\/index.php?rest_route=\/wp\/v2\/posts"}],"about":[{"href":"https:\/\/www.svzweckel.de\/index.php?rest_route=\/wp\/v2\/types\/post"}],"author":[{"embeddable":true,"href":"https:\/\/www.svzweckel.de\/index.php?rest_route=\/wp\/v2\/users\/3"}],"replies":[{"embeddable":true,"href":"https:\/\/www.svzweckel.de\/index.php?rest_route=%2Fwp%2Fv2%2Fcomments&post=17426"}],"version-history":[{"count":1,"href":"https:\/\/www.svzweckel.de\/index.php?rest_route=\/wp\/v2\/posts\/17426\/revisions"}],"predecessor-version":[{"id":17428,"href":"https:\/\/www.svzweckel.de\/index.php?rest_route=\/wp\/v2\/posts\/17426\/revisions\/17428"}],"wp:featuredmedia":[{"embeddable":true,"href":"https:\/\/www.svzweckel.de\/index.php?rest_route=\/wp\/v2\/media\/17427"}],"wp:attachment":[{"href":"https:\/\/www.svzweckel.de\/index.php?rest_route=%2Fwp%2Fv2%2Fmedia&parent=17426"}],"wp:term":[{"taxonomy":"category","embeddable":true,"href":"https:\/\/www.svzweckel.de\/index.php?rest_route=%2Fwp%2Fv2%2Fcategories&post=17426"},{"taxonomy":"post_tag","embeddable":true,"href":"https:\/\/www.svzweckel.de\/index.php?rest_route=%2Fwp%2Fv2%2Ftags&post=17426"}],"curies":[{"name":"wp","href":"https:\/\/api.w.org\/{rel}","templated":true}]}}