{"id":17485,"date":"2024-11-01T15:44:24","date_gmt":"2024-11-01T14:44:24","guid":{"rendered":"https:\/\/www.svzweckel.de\/?p=17485"},"modified":"2024-11-01T15:44:26","modified_gmt":"2024-11-01T14:44:26","slug":"doppelheimspiele-in-der-uli-simon-arena","status":"publish","type":"post","link":"https:\/\/www.svzweckel.de\/?p=17485","title":{"rendered":"Doppelheimspiele in der Uli Simon Arena"},"content":{"rendered":"\n<p>Sonntag, 03.11.24, 12:45 Uhr: SV Zweckel II &#8211; YEG Hassel II<\/p>\n\n\n\n<p>Die Zweite spielt erstmals seit Jahren wieder vor der 1. Mannschaft des SV Zweckel. Nachdem die Reserve in den letzten drei Spielen jeweils dreifach gepunktet hat, ist sie auf den siebten Tabellenplatz geklettert und gegen die Hasseler, die nur sieben Punkte auf der Habenseite haben, favorisiert. <\/p>\n\n\n\n<p>Die Schwarz-Gr\u00fcnen befinden sich aktuelle im Mittelfeld der Liga und werden sowohl mit dem Auf- als auch mit dem Abstieg nichts zu tun haben. An der Spitze der Liga befinden sich noch drei Vereine, die bisher noch keine Niederlage hinnehmen mussten und im Abstiegsbereich ist nach dem R\u00fcckzug von Preu\u00dfen Gladbeck II nur noch ein Absteiger auszuspielen. Derzeit befinden sich der SC Schaffrath und Viktoria Resse II mit einem bzw. zwei Punkten unter den Abstiegskandidaten. <\/p>\n\n\n\n<p>Sonntag, 03.11.24, 15:00 Uhr: SV Zweckel &#8211; FC Marokko Herne<\/p>\n\n\n\n<p>Der Spitzenreiter gibt am Sonntag in der Uli Simon Arena seine Visitenkarte ab. Der Aufsteiger spielt eine starke Saison und f\u00fchrt punktgleich mit dem BV-Herne S\u00fcd die Bezirksligatabelle an. Am vergangenen Sonntag gewannen die Herner beim SC Hassel knapp mit 1:2 und spielten in der Woche davor zu Hause gegen den VfB Kirchhellen 1:1. Die Kirchhellener hatten laut Angaben ihres Trainers Zement anger\u00fchrt und konnten damit einen Punkt erk\u00e4mpfen.<\/p>\n\n\n\n<p>Mit den beiden Ergebnissen im Ged\u00e4chtnis d\u00fcrften die Zweckeler demnach nicht chancenlos gegen den Spitzenreiter sein. Die Schwarz-Gr\u00fcnen hatten auf Grund des R\u00fcckzugs von Sinsen spielfrei, konnten sich etwas erholen, Blessuren pflegen und durch gezieltes Training an den aktuellen Schwachstellen arbeiten. <\/p>\n\n\n\n<p>Am kommenden Sonntag m\u00fcssen die Zweckeler wieder alles auf dem Platz geben, um etwas Z\u00e4hlbares an der Dorstener Stra\u00dfe zu behalten. Unm\u00f6glich wird das nicht sein, so dass dieses &#8222;Bonus-Spiel&#8220; dazu f\u00fchren k\u00f6nnte, dass die Zweckeler sich hoffentlich weiter von der Abstiegszone entfernen k\u00f6nnten. <\/p>\n\n\n\n<p><\/p>\n","protected":false},"excerpt":{"rendered":"<p>Sonntag, 03.11.24, 12:45 Uhr: SV Zweckel II &#8211; YEG Hassel II Die Zweite spielt erstmals seit Jahren wieder vor der 1. Mannschaft des SV Zweckel. Nachdem die Reserve in den letzten drei Spielen jeweils dreifach gepunktet hat, ist sie auf den siebten Tabellenplatz geklettert und gegen die Hasseler, die nur sieben Punkte auf der Habenseite [&hellip;]<\/p>\n","protected":false},"author":3,"featured_media":17486,"comment_status":"open","ping_status":"closed","sticky":false,"template":"","format":"standard","meta":{"_jetpack_memberships_contains_paid_content":false,"footnotes":"","jetpack_publicize_message":"","jetpack_publicize_feature_enabled":true,"jetpack_social_post_already_shared":true,"jetpack_social_options":{"image_generator_settings":{"template":"highway","default_image_id":0,"font":"","enabled":false},"version":2}},"categories":[3],"tags":[],"class_list":["post-17485","post","type-post","status-publish","format-standard","has-post-thumbnail","hentry","category-allgemein"],"jetpack_publicize_connections":[],"jetpack_featured_media_url":"https:\/\/i0.wp.com\/www.svzweckel.de\/wp-content\/uploads\/DSC01838-Gross.jpg?fit=1620%2C1080&ssl=1","jetpack_sharing_enabled":true,"_links":{"self":[{"href":"https:\/\/www.svzweckel.de\/index.php?rest_route=\/wp\/v2\/posts\/17485","targetHints":{"allow":["GET"]}}],"collection":[{"href":"https:\/\/www.svzweckel.de\/index.php?rest_route=\/wp\/v2\/posts"}],"about":[{"href":"https:\/\/www.svzweckel.de\/index.php?rest_route=\/wp\/v2\/types\/post"}],"author":[{"embeddable":true,"href":"https:\/\/www.svzweckel.de\/index.php?rest_route=\/wp\/v2\/users\/3"}],"replies":[{"embeddable":true,"href":"https:\/\/www.svzweckel.de\/index.php?rest_route=%2Fwp%2Fv2%2Fcomments&post=17485"}],"version-history":[{"count":1,"href":"https:\/\/www.svzweckel.de\/index.php?rest_route=\/wp\/v2\/posts\/17485\/revisions"}],"predecessor-version":[{"id":17487,"href":"https:\/\/www.svzweckel.de\/index.php?rest_route=\/wp\/v2\/posts\/17485\/revisions\/17487"}],"wp:featuredmedia":[{"embeddable":true,"href":"https:\/\/www.svzweckel.de\/index.php?rest_route=\/wp\/v2\/media\/17486"}],"wp:attachment":[{"href":"https:\/\/www.svzweckel.de\/index.php?rest_route=%2Fwp%2Fv2%2Fmedia&parent=17485"}],"wp:term":[{"taxonomy":"category","embeddable":true,"href":"https:\/\/www.svzweckel.de\/index.php?rest_route=%2Fwp%2Fv2%2Fcategories&post=17485"},{"taxonomy":"post_tag","embeddable":true,"href":"https:\/\/www.svzweckel.de\/index.php?rest_route=%2Fwp%2Fv2%2Ftags&post=17485"}],"curies":[{"name":"wp","href":"https:\/\/api.w.org\/{rel}","templated":true}]}}