{"id":17498,"date":"2024-11-07T11:40:47","date_gmt":"2024-11-07T10:40:47","guid":{"rendered":"https:\/\/www.svzweckel.de\/?p=17498"},"modified":"2024-11-07T11:44:42","modified_gmt":"2024-11-07T10:44:42","slug":"duell-auf-augenhoehe-4","status":"publish","type":"post","link":"https:\/\/www.svzweckel.de\/?p=17498","title":{"rendered":"Duell auf Augenh\u00f6he?!"},"content":{"rendered":"\n<p>Sonntag, 10.11.2024, 14:30 Uhr: VfB H\u00fcls &#8211; SV Zweckel<\/p>\n\n\n\n<p>Nach der \u00e4rgerlichen Niederlage im Heimspiel gegen den Tabellenf\u00fchrer der Bezirksliga m\u00fcssen die Zweckeler am Badeweiher in Marl-H\u00fcls ran. <\/p>\n\n\n\n<p>Die Gastgeber haben ihre letzten drei Spiele verloren und wollen wieder in die Erfolgsspur zur\u00fcck. Nach einer Niederlage im Abendspiel in Kirchhellen verloren die H\u00fclser zu Hause gegen den starken SC Hassel und danach ausw\u00e4rts beim Aufstiegsfavoriten BV Herne-S\u00fcd.<\/p>\n\n\n\n<p>Die Ergebnisse zeigen, dass die Zweckeler durchaus auf Augenh\u00f6he agieren k\u00f6nnen und mit dem n\u00f6tigen Biss und Gl\u00fcck auch in der Fremde punkten k\u00f6nnen. Dazu ist es jedoch erforderlich, dass die Defensive steht und vorne auch mal die eine oder andere sich ergebende Torchance konsequenter genutzt wird. Im Spiel gegen Marokko Herne fehlte die Kaltschn\u00e4uzigkeit vor dem Tor, sonst w\u00e4re die Partie schon in der ersten Halbzeit f\u00fcr die Schwarz-Gr\u00fcnen entschieden gewesen.<\/p>\n\n\n\n<p>Bei zwei noch ausstehenden Spielen in der Hinrunde w\u00e4re es sch\u00f6n, wenn die Zweckeler noch mindestens drei Punkte holen w\u00fcrden, denn die Mannschaften im Tabellenkeller haben in den letzten Wochen Boden gut gemacht und der Abstand zu einem Abstiegsrang betr\u00e4gt nur noch zwei Punkte.<\/p>\n","protected":false},"excerpt":{"rendered":"<p>Sonntag, 10.11.2024, 14:30 Uhr: VfB H\u00fcls &#8211; SV Zweckel Nach der \u00e4rgerlichen Niederlage im Heimspiel gegen den Tabellenf\u00fchrer der Bezirksliga m\u00fcssen die Zweckeler am Badeweiher in Marl-H\u00fcls ran. Die Gastgeber haben ihre letzten drei Spiele verloren und wollen wieder in die Erfolgsspur zur\u00fcck. Nach einer Niederlage im Abendspiel in Kirchhellen verloren die H\u00fclser zu Hause [&hellip;]<\/p>\n","protected":false},"author":3,"featured_media":17493,"comment_status":"open","ping_status":"closed","sticky":false,"template":"","format":"standard","meta":{"_jetpack_memberships_contains_paid_content":false,"footnotes":"","jetpack_publicize_message":"","jetpack_publicize_feature_enabled":true,"jetpack_social_post_already_shared":true,"jetpack_social_options":{"image_generator_settings":{"template":"highway","default_image_id":0,"font":"","enabled":false},"version":2}},"categories":[2],"tags":[],"class_list":["post-17498","post","type-post","status-publish","format-standard","has-post-thumbnail","hentry","category-1-mannschaft"],"jetpack_publicize_connections":[],"jetpack_featured_media_url":"https:\/\/i0.wp.com\/www.svzweckel.de\/wp-content\/uploads\/wp-1730958247589427554536159401486.jpg?fit=2000%2C1125&ssl=1","jetpack_sharing_enabled":true,"_links":{"self":[{"href":"https:\/\/www.svzweckel.de\/index.php?rest_route=\/wp\/v2\/posts\/17498","targetHints":{"allow":["GET"]}}],"collection":[{"href":"https:\/\/www.svzweckel.de\/index.php?rest_route=\/wp\/v2\/posts"}],"about":[{"href":"https:\/\/www.svzweckel.de\/index.php?rest_route=\/wp\/v2\/types\/post"}],"author":[{"embeddable":true,"href":"https:\/\/www.svzweckel.de\/index.php?rest_route=\/wp\/v2\/users\/3"}],"replies":[{"embeddable":true,"href":"https:\/\/www.svzweckel.de\/index.php?rest_route=%2Fwp%2Fv2%2Fcomments&post=17498"}],"version-history":[{"count":2,"href":"https:\/\/www.svzweckel.de\/index.php?rest_route=\/wp\/v2\/posts\/17498\/revisions"}],"predecessor-version":[{"id":17500,"href":"https:\/\/www.svzweckel.de\/index.php?rest_route=\/wp\/v2\/posts\/17498\/revisions\/17500"}],"wp:featuredmedia":[{"embeddable":true,"href":"https:\/\/www.svzweckel.de\/index.php?rest_route=\/wp\/v2\/media\/17493"}],"wp:attachment":[{"href":"https:\/\/www.svzweckel.de\/index.php?rest_route=%2Fwp%2Fv2%2Fmedia&parent=17498"}],"wp:term":[{"taxonomy":"category","embeddable":true,"href":"https:\/\/www.svzweckel.de\/index.php?rest_route=%2Fwp%2Fv2%2Fcategories&post=17498"},{"taxonomy":"post_tag","embeddable":true,"href":"https:\/\/www.svzweckel.de\/index.php?rest_route=%2Fwp%2Fv2%2Ftags&post=17498"}],"curies":[{"name":"wp","href":"https:\/\/api.w.org\/{rel}","templated":true}]}}