{"id":17522,"date":"2024-11-10T19:00:28","date_gmt":"2024-11-10T18:00:28","guid":{"rendered":"https:\/\/www.svzweckel.de\/?p=17522"},"modified":"2024-11-10T19:03:05","modified_gmt":"2024-11-10T18:03:05","slug":"kein-spiel-auf-augenhoehe","status":"publish","type":"post","link":"https:\/\/www.svzweckel.de\/?p=17522","title":{"rendered":"Kein Spiel auf Augenh\u00f6he!"},"content":{"rendered":"\n<p>VfB H\u00fcls &#8211; SV Zweckel 0:6 (0:3)<\/p>\n\n\n\n<p>Mit einer \u00fcberragenden Leistung haben die Zweckeler das Spiel in H\u00fcls gewonnen. Jeder Spieler, der im Laufe des Spiels auf dem Feld agierte, hat das vom Trainerteam vorgegebene Konzept umgesetzt und einen auch in dieser H\u00f6he mehr als verdienten Sieg auf dem Rasen am Badeweiher eingefahren. <\/p>\n\n\n\n<p>Am heutigen Tage waren die G\u00e4ste nicht nur hungrig auf Tore, sondern haben durch einen konstruktiven Spielaufbau immer wieder gef\u00e4hrliche Torchancen kreiert und diese auch erfolgreich abgeschlossen. <\/p>\n\n\n\n<p>Nach zwei guten Torchancen f\u00fcr die G\u00e4ste in den ersten 15 Minuten hatten die Zweckeler das n\u00f6tige Qu\u00e4ntchen Gl\u00fcck, dass ein Lattenkracher der H\u00fclser nicht im Zweckeler Tor einschlug. Danach waren aber wieder die G\u00e4ste am Dr\u00fccker. Nachdem ein Torschuss von Jan Schwers in der 24. Minute noch am Torh\u00fcter scheiterte, brachte Erdem Kahraman den Abpraller im gegnerischen Tor zur F\u00fchrung f\u00fcr den SV Zweckel unter. Nur vier Minuten sp\u00e4ter f\u00fchrte ein Fehler der Gastgeber im Spielaufbau zum 0:2. Sebastian &#8222;Pillo&#8220; Waldner fing einen Ball der Gegner ab und versenkte diesen aus 25 Metern ins verwaiste Tor. Der VfB H\u00fcls agierte immer wieder mit langen B\u00e4llen, fand aber in den eigenen Spitzen nur selten einen Abnehmer. Das lag insbesondere an der Zweckeler Abwehrreihe, die mit Marlon Boris, Tristan Oben-Stintenberg, Leon Heckmann und Nick Kossak, der auf der linken Abwehrseite eine souver\u00e4ne Leistung zeigte, keine Fehler machten und den Gegnern keinen Spielraum lie\u00dfen. <\/p>\n\n\n\n<p>Lukas Bergmann, der neben den anderen schnellen Offensivleuten auch immer wieder positive Akzente setzte, verfehlte nach toll vorgetragenen Angriffen das Tor und die Zweckeler Anh\u00e4nger mussten dann nur bis zur 36. Minute auf eine Torerh\u00f6hung warten. Der agile Jan Schwers enteilte wieder einmal seinem Gegenspieler und vollendete den starken Sololauf mit einem &#8222;Tunnel-Tor&#8220; zum 0:3 Halbzeitergebnis.<\/p>\n\n\n\n<p>Nach einigen Wechseln versuchten die H\u00fclser nach der Halbzeitpause mit frischem Schwung den Gegner unter Druck zu setzen; die Angriffsbem\u00fchungen verpufften jedoch schnell, denn die G\u00e4ste lie\u00dfen nur noch eine Torgelegenheit zu, die Dario Schierenberg jedoch mit einer tollen Reaktion vereitelte.<\/p>\n\n\n\n<p>Die G\u00e4ste waren in der Folge auch weiter auf eine Ergebniserh\u00f6hung aus und schafften diese bereits nach 61 Minuten durch Sebastian Waldner, der nach \u00fcberragender Vorarbeit von Jan Schwers mit seinem zweiten Treffer den Deckel auf das Spiel machte.<\/p>\n\n\n\n<p>Die Zweckeler zeigten immer wieder durch gutes Kombinationsspiel, dass sie dem Gegner am heutigen Tag in allen fu\u00dfballerischen Belangen \u00fcberlegen waren. Deshalb fielen auch folgerichtig weitere Tore. Mila Sahebzada traf in der 76. Minute mit einem sehenswerten Schuss auf gut 20 Metern in den linken oberen Knick zum 0:5. Sebastian Waldner schloss kurz vor Schluss mit seinem dritten Tor eine starke Leistung ab und schoss sein Team zu einem auch in dieser H\u00f6he nicht erwarteten Sieg gegen einen Konkurrenten aus dem Tabellenmittelfeld.<\/p>\n\n\n\n<p>Der VfB Kirchhellen und der BV Rentfort verloren parallel ihre Spiele, so dass der SV Zweckel wieder f\u00fcnf Punkte Vorsprung auf einen Abstiegsplatz hat. Darauf sollten sich die Schwarz-Gr\u00fcnen aber nicht ausruhen, denn mit den Sportfreunden Bulmke sind am kommenden Sonntag zum letzten Spiel in der Hinrunde zu Gast in der Uli Simon Arena und das Ziel sollt es sein, auch in diesem Match die Oberhand zu  behalten. <\/p>\n","protected":false},"excerpt":{"rendered":"<p>VfB H\u00fcls &#8211; SV Zweckel 0:6 (0:3) Mit einer \u00fcberragenden Leistung haben die Zweckeler das Spiel in H\u00fcls gewonnen. Jeder Spieler, der im Laufe des Spiels auf dem Feld agierte, hat das vom Trainerteam vorgegebene Konzept umgesetzt und einen auch in dieser H\u00f6he mehr als verdienten Sieg auf dem Rasen am Badeweiher eingefahren. Am heutigen [&hellip;]<\/p>\n","protected":false},"author":3,"featured_media":17516,"comment_status":"open","ping_status":"closed","sticky":false,"template":"","format":"standard","meta":{"_jetpack_memberships_contains_paid_content":false,"footnotes":"","jetpack_publicize_message":"","jetpack_publicize_feature_enabled":true,"jetpack_social_post_already_shared":true,"jetpack_social_options":{"image_generator_settings":{"template":"highway","default_image_id":0,"font":"","enabled":false},"version":2}},"categories":[3],"tags":[],"class_list":["post-17522","post","type-post","status-publish","format-standard","has-post-thumbnail","hentry","category-allgemein"],"jetpack_publicize_connections":[],"jetpack_featured_media_url":"https:\/\/i0.wp.com\/www.svzweckel.de\/wp-content\/uploads\/wp-17312560659796093027080583697198.jpg?fit=2000%2C1125&ssl=1","jetpack_sharing_enabled":true,"_links":{"self":[{"href":"https:\/\/www.svzweckel.de\/index.php?rest_route=\/wp\/v2\/posts\/17522","targetHints":{"allow":["GET"]}}],"collection":[{"href":"https:\/\/www.svzweckel.de\/index.php?rest_route=\/wp\/v2\/posts"}],"about":[{"href":"https:\/\/www.svzweckel.de\/index.php?rest_route=\/wp\/v2\/types\/post"}],"author":[{"embeddable":true,"href":"https:\/\/www.svzweckel.de\/index.php?rest_route=\/wp\/v2\/users\/3"}],"replies":[{"embeddable":true,"href":"https:\/\/www.svzweckel.de\/index.php?rest_route=%2Fwp%2Fv2%2Fcomments&post=17522"}],"version-history":[{"count":5,"href":"https:\/\/www.svzweckel.de\/index.php?rest_route=\/wp\/v2\/posts\/17522\/revisions"}],"predecessor-version":[{"id":17528,"href":"https:\/\/www.svzweckel.de\/index.php?rest_route=\/wp\/v2\/posts\/17522\/revisions\/17528"}],"wp:featuredmedia":[{"embeddable":true,"href":"https:\/\/www.svzweckel.de\/index.php?rest_route=\/wp\/v2\/media\/17516"}],"wp:attachment":[{"href":"https:\/\/www.svzweckel.de\/index.php?rest_route=%2Fwp%2Fv2%2Fmedia&parent=17522"}],"wp:term":[{"taxonomy":"category","embeddable":true,"href":"https:\/\/www.svzweckel.de\/index.php?rest_route=%2Fwp%2Fv2%2Fcategories&post=17522"},{"taxonomy":"post_tag","embeddable":true,"href":"https:\/\/www.svzweckel.de\/index.php?rest_route=%2Fwp%2Fv2%2Ftags&post=17522"}],"curies":[{"name":"wp","href":"https:\/\/api.w.org\/{rel}","templated":true}]}}