{"id":17530,"date":"2024-11-11T12:08:51","date_gmt":"2024-11-11T11:08:51","guid":{"rendered":"https:\/\/www.svzweckel.de\/?p=17530"},"modified":"2024-11-11T12:08:53","modified_gmt":"2024-11-11T11:08:53","slug":"letztes-spiel-der-hinserie","status":"publish","type":"post","link":"https:\/\/www.svzweckel.de\/?p=17530","title":{"rendered":"Letztes Spiel der Hinserie"},"content":{"rendered":"\n<p>Sonntag, 17.11.2024, 14:30 Uhr: SV Zweckel &#8211; SF Bulmke<\/p>\n\n\n\n<p>Nach der Gala-Vorstellung in H\u00fcls sollten die Zweckeler im letzten Spiel noch einmal nachlegen, um den Abstand nach unten zu vergr\u00f6\u00dfern. Zumindest der BV Rentfort kann am letzten Spieltag nicht an den SV Zweckel heranr\u00fccken, denn die Mannschaft von Marc Sch\u00e4fer hat schon 14 Spiele absolviert und hat am kommenden Sonntag spielfrei.<\/p>\n\n\n\n<p>Die Zweckeler haben in der laufenden Saison allerdings bis auf eine Ausnahme beim aktuellen Spitzenreiter Herne-S\u00fcd immer gezeigt, dass sie mit allen Mannschaften in der Bezirksliga 9 mithalten k\u00f6nnen. Wenn auch das Ergebnis nicht immer stimmte, war das Team aber immer wieder spielerisch auf der Augenh\u00f6he mit seinen Gegnern und konnte mit seinen Qualit\u00e4ten gl\u00e4nzen.<\/p>\n\n\n\n<p>Bei einer besseren Chancenverwertung h\u00e4tten die Schwarz-Gr\u00fcnen schon deutlich mehr als die aktuellen 15 Punkte auf der Habenseite. Deshalb muss die junge Truppe auch gegen den &#8222;abgezockten&#8220; Aufsteiger wieder alles geben, um das letzte Spiel der Hinserie erfolgreich zu gestalten. <\/p>\n\n\n\n<p>Verzichten m\u00fcssen die Zweckeler dabei allerdings auf zwei wichtige Spieler. Sowohl Tristan Oben-Stintenberg als auch Moritz Heidenreich haben sich \u00fcberfl\u00fcssigerweise in H\u00fcls die f\u00fcnfte gelbe Karte abgeholt und sind somit gegen Bulmke gesperrt.<\/p>\n\n\n\n<p>Damit muss das Trainerteam um Marc Bahl wieder das Zentrum in der Abwehr und im Mittelfeld ver\u00e4ndern und andere Spieler aus dem gro\u00dfen Zweckeler Kader d\u00fcrfen sich beweisen.<\/p>\n\n\n\n<p>Mit einem Sieg w\u00fcrden die Schwarz-Gr\u00fcnen mindestens zwei Pl\u00e4tze nach oben r\u00fccken, da zum einen die SV Bulmke nur \u00fcber einen Punkt Vorsprung auf die Gastgeber verf\u00fcgen und zum anderen mit der Partie VfB Waltrop gegen Firtinaspor Herne zwei Mannschaften gegeneinander spielen, die ebenfalls nur einen Punkt Vorsprung auf den SV Zweckel haben.<\/p>\n\n\n\n<p>Die Aussicht auf Erreichen des siebten Tabellenplatzes zum Ende der Hinserie sollte Ansporn genug sein, dass die Mannschaft alles gibt und hoffentlich den &#8222;Sahnetag&#8220; vom letzten Sonntag in H\u00fcls wiederholt. <\/p>\n","protected":false},"excerpt":{"rendered":"<p>Sonntag, 17.11.2024, 14:30 Uhr: SV Zweckel &#8211; SF Bulmke Nach der Gala-Vorstellung in H\u00fcls sollten die Zweckeler im letzten Spiel noch einmal nachlegen, um den Abstand nach unten zu vergr\u00f6\u00dfern. Zumindest der BV Rentfort kann am letzten Spieltag nicht an den SV Zweckel heranr\u00fccken, denn die Mannschaft von Marc Sch\u00e4fer hat schon 14 Spiele absolviert [&hellip;]<\/p>\n","protected":false},"author":3,"featured_media":17515,"comment_status":"open","ping_status":"closed","sticky":false,"template":"","format":"standard","meta":{"_jetpack_memberships_contains_paid_content":false,"footnotes":"","jetpack_publicize_message":"","jetpack_publicize_feature_enabled":true,"jetpack_social_post_already_shared":true,"jetpack_social_options":{"image_generator_settings":{"template":"highway","default_image_id":0,"font":"","enabled":false},"version":2}},"categories":[2,3],"tags":[],"class_list":["post-17530","post","type-post","status-publish","format-standard","has-post-thumbnail","hentry","category-1-mannschaft","category-allgemein"],"jetpack_publicize_connections":[],"jetpack_featured_media_url":"https:\/\/i0.wp.com\/www.svzweckel.de\/wp-content\/uploads\/wp-17312560660852371517921227771221.jpg?fit=2000%2C1125&ssl=1","jetpack_sharing_enabled":true,"_links":{"self":[{"href":"https:\/\/www.svzweckel.de\/index.php?rest_route=\/wp\/v2\/posts\/17530","targetHints":{"allow":["GET"]}}],"collection":[{"href":"https:\/\/www.svzweckel.de\/index.php?rest_route=\/wp\/v2\/posts"}],"about":[{"href":"https:\/\/www.svzweckel.de\/index.php?rest_route=\/wp\/v2\/types\/post"}],"author":[{"embeddable":true,"href":"https:\/\/www.svzweckel.de\/index.php?rest_route=\/wp\/v2\/users\/3"}],"replies":[{"embeddable":true,"href":"https:\/\/www.svzweckel.de\/index.php?rest_route=%2Fwp%2Fv2%2Fcomments&post=17530"}],"version-history":[{"count":3,"href":"https:\/\/www.svzweckel.de\/index.php?rest_route=\/wp\/v2\/posts\/17530\/revisions"}],"predecessor-version":[{"id":17533,"href":"https:\/\/www.svzweckel.de\/index.php?rest_route=\/wp\/v2\/posts\/17530\/revisions\/17533"}],"wp:featuredmedia":[{"embeddable":true,"href":"https:\/\/www.svzweckel.de\/index.php?rest_route=\/wp\/v2\/media\/17515"}],"wp:attachment":[{"href":"https:\/\/www.svzweckel.de\/index.php?rest_route=%2Fwp%2Fv2%2Fmedia&parent=17530"}],"wp:term":[{"taxonomy":"category","embeddable":true,"href":"https:\/\/www.svzweckel.de\/index.php?rest_route=%2Fwp%2Fv2%2Fcategories&post=17530"},{"taxonomy":"post_tag","embeddable":true,"href":"https:\/\/www.svzweckel.de\/index.php?rest_route=%2Fwp%2Fv2%2Ftags&post=17530"}],"curies":[{"name":"wp","href":"https:\/\/api.w.org\/{rel}","templated":true}]}}