{"id":17557,"date":"2024-11-18T16:55:09","date_gmt":"2024-11-18T15:55:09","guid":{"rendered":"https:\/\/www.svzweckel.de\/?p=17557"},"modified":"2024-12-05T23:28:52","modified_gmt":"2024-12-05T22:28:52","slug":"schlechteste-saisonleistung","status":"publish","type":"post","link":"https:\/\/www.svzweckel.de\/?p=17557","title":{"rendered":"Schlechteste Saisonleistung!"},"content":{"rendered":"\n<p>SV Zweckel &#8211; SF Bulmke 0:3 (0:1)<\/p>\n\n\n\n<p>Nach dem \u00fcberragenden Sieg in H\u00fcls haben es die Zweckeler verpasst, sich von den unteren Tabellenpl\u00e4tzen weiter abzusetzen. Mit einer indiskutabelen Leistung haben die Hausherren mehr als verdient gegen den Aufsteiger verloren und k\u00f6nnen sich bei Torh\u00fcter Dario Schierenberg bedanken, dass das Ergebnis nicht h\u00f6her ausgefallen ist.<\/p>\n\n\n\n<p>Bezeichnenderweise dauerte es bis zur 80. Minute, ehe die Schwarz-Gr\u00fcnen auf das G\u00e4stetor schossen und der gegnerische Keeper einen Ball halten musste. Bis dahin hatten die technisch starken G\u00e4ste dem Gastgeber mehrfach die Grenzen aufgezeigt. Mit Ausnahme des Zweckeler Torh\u00fcters hatte kein Zweckeler Spieler Normalform und auch nach den zahlreichen Wechseln \u00e4nderte sich das Spiel der Hausherren nicht. <\/p>\n\n\n\n<p>Es fehlte an Allem: Laufbereitschaft, k\u00e4mpferische Einstellung, Wachsamkeit und vor allem Passgenauigkeit. V\u00f6llig unerkl\u00e4rlich lie\u00dfen die Zweckeler alle fu\u00dfballerischen Tugenden vermissen, die sie in den letzten Wochen so stark gemacht hatten. Auch das Fehlern so wichtiger Spieler wie die gelbgesperrten Moritz Heidenreich und Tristan Oben-Stintenberg darf nicht als Ausrede herhalten, dass die Gastgeber \u00fcberhaupt nicht ins Spiel kamen.<\/p>\n\n\n\n<p>Das war ein Spiel, welches die auch bei dem kalten Wetter erschienen Zuschauer nicht noch einmal sehen wollen. Die junge Mannschaft muss noch viel lernen, aber sie darf die Grundtugenden des Fu\u00dfballs nicht in der Kabine lassen. Sobald das Team nicht bereit ist, immer 100 Prozent f\u00fcr den Erfolg abzurufen, wird es in dieser Bezirksliga Niederlagen geben. Bis auf wenige Ausnahmen ist die Liga relativ ausgeglichen und der Erfolg stellt sich nur mit der richtigen Einstellung ein: Und diese f\u00e4ngt mit dem Training in der Woche und der damit verbundenen Vorbereitung auf den Sonntag an. <\/p>\n","protected":false},"excerpt":{"rendered":"<p>SV Zweckel &#8211; SF Bulmke 0:3 (0:1) Nach dem \u00fcberragenden Sieg in H\u00fcls haben es die Zweckeler verpasst, sich von den unteren Tabellenpl\u00e4tzen weiter abzusetzen. Mit einer indiskutabelen Leistung haben die Hausherren mehr als verdient gegen den Aufsteiger verloren und k\u00f6nnen sich bei Torh\u00fcter Dario Schierenberg bedanken, dass das Ergebnis nicht h\u00f6her ausgefallen ist. Bezeichnenderweise [&hellip;]<\/p>\n","protected":false},"author":3,"featured_media":17559,"comment_status":"open","ping_status":"closed","sticky":false,"template":"","format":"standard","meta":{"_jetpack_memberships_contains_paid_content":false,"footnotes":"","jetpack_publicize_message":"","jetpack_publicize_feature_enabled":true,"jetpack_social_post_already_shared":true,"jetpack_social_options":{"image_generator_settings":{"template":"highway","default_image_id":0,"font":"","enabled":false},"version":2}},"categories":[2,3],"tags":[],"class_list":["post-17557","post","type-post","status-publish","format-standard","has-post-thumbnail","hentry","category-1-mannschaft","category-allgemein"],"jetpack_publicize_connections":[],"jetpack_featured_media_url":"https:\/\/i0.wp.com\/www.svzweckel.de\/wp-content\/uploads\/SFBulmke-scaled.jpg?fit=2560%2C1440&ssl=1","jetpack_sharing_enabled":true,"_links":{"self":[{"href":"https:\/\/www.svzweckel.de\/index.php?rest_route=\/wp\/v2\/posts\/17557","targetHints":{"allow":["GET"]}}],"collection":[{"href":"https:\/\/www.svzweckel.de\/index.php?rest_route=\/wp\/v2\/posts"}],"about":[{"href":"https:\/\/www.svzweckel.de\/index.php?rest_route=\/wp\/v2\/types\/post"}],"author":[{"embeddable":true,"href":"https:\/\/www.svzweckel.de\/index.php?rest_route=\/wp\/v2\/users\/3"}],"replies":[{"embeddable":true,"href":"https:\/\/www.svzweckel.de\/index.php?rest_route=%2Fwp%2Fv2%2Fcomments&post=17557"}],"version-history":[{"count":2,"href":"https:\/\/www.svzweckel.de\/index.php?rest_route=\/wp\/v2\/posts\/17557\/revisions"}],"predecessor-version":[{"id":17560,"href":"https:\/\/www.svzweckel.de\/index.php?rest_route=\/wp\/v2\/posts\/17557\/revisions\/17560"}],"wp:featuredmedia":[{"embeddable":true,"href":"https:\/\/www.svzweckel.de\/index.php?rest_route=\/wp\/v2\/media\/17559"}],"wp:attachment":[{"href":"https:\/\/www.svzweckel.de\/index.php?rest_route=%2Fwp%2Fv2%2Fmedia&parent=17557"}],"wp:term":[{"taxonomy":"category","embeddable":true,"href":"https:\/\/www.svzweckel.de\/index.php?rest_route=%2Fwp%2Fv2%2Fcategories&post=17557"},{"taxonomy":"post_tag","embeddable":true,"href":"https:\/\/www.svzweckel.de\/index.php?rest_route=%2Fwp%2Fv2%2Ftags&post=17557"}],"curies":[{"name":"wp","href":"https:\/\/api.w.org\/{rel}","templated":true}]}}