{"id":17567,"date":"2024-11-26T13:53:49","date_gmt":"2024-11-26T12:53:49","guid":{"rendered":"https:\/\/www.svzweckel.de\/?p=17567"},"modified":"2024-11-26T13:53:52","modified_gmt":"2024-11-26T12:53:52","slug":"doppelheimspiel-am-sonntag","status":"publish","type":"post","link":"https:\/\/www.svzweckel.de\/?p=17567","title":{"rendered":"Doppelheimspiel am Sonntag"},"content":{"rendered":"\n<p>01.12.2024, 12:30 Uhr: SV Zweckel II &#8211; FSM Gladbeck<\/p>\n\n\n\n<p>Am letzten Meisterschaftsspieltag des Jahres 2024 findet in der Uli Simon Arena ein Doppelspieltag statt.<\/p>\n\n\n\n<p>Die Reserve des SV Zweckel empf\u00e4ngt im Derby FSM Gladbeck und m\u00f6chte auch nach der Partie vor der Mannschaft aus dem Gladbeck S\u00fcden stehen. Das Team von Trainer Mike Theis zeigt in dieser Saison unterschiedliche Gesichter. Am letzten Spieltag wurde die favorisierte Mannschaft von Eintracht Erle II, die bis dahin lediglich zwei Niederlagen aufzuweisen hatten, bezwungen, w\u00e4hrend eine Woche davon geegn die schlechter platzierten Schwarz-Blauen eine deutlich Niederlage eingefahren wurde.<\/p>\n\n\n\n<p>Mit 6 Siegen, 2 Unentschieden und 6 Niederlagen befinden sich die Schwarz-Gr\u00fcnen auf dem siebten Tabellenplatz und haben einen deutlichen Abstand nach oben. <\/p>\n\n\n\n<p>Mit dem Abstieg d\u00fcrften die Zweckeler auch nichts zu tun bekommen, denn mit Preu\u00dfen II steht bereits ein Absteiger fest und der weitere Abstiegsplatz wird vermutlich zwischen Schaffrath und Viktoria Resse II ausgemacht, die mit 1 bzw. 2 Punkten am Tabellenende stehen.<\/p>\n\n\n\n<p>Die Mannschaft kann somit locker aufspielen und sich in der verbleibenden Saison mit Blick auf die Zukunft weiterentwickeln.<\/p>\n","protected":false},"excerpt":{"rendered":"<p>01.12.2024, 12:30 Uhr: SV Zweckel II &#8211; FSM Gladbeck Am letzten Meisterschaftsspieltag des Jahres 2024 findet in der Uli Simon Arena ein Doppelspieltag statt. Die Reserve des SV Zweckel empf\u00e4ngt im Derby FSM Gladbeck und m\u00f6chte auch nach der Partie vor der Mannschaft aus dem Gladbeck S\u00fcden stehen. Das Team von Trainer Mike Theis zeigt [&hellip;]<\/p>\n","protected":false},"author":3,"featured_media":17259,"comment_status":"open","ping_status":"closed","sticky":false,"template":"","format":"standard","meta":{"_jetpack_memberships_contains_paid_content":false,"footnotes":"","jetpack_publicize_message":"","jetpack_publicize_feature_enabled":true,"jetpack_social_post_already_shared":true,"jetpack_social_options":{"image_generator_settings":{"template":"highway","default_image_id":0,"font":"","enabled":false},"version":2}},"categories":[3],"tags":[],"class_list":["post-17567","post","type-post","status-publish","format-standard","has-post-thumbnail","hentry","category-allgemein"],"jetpack_publicize_connections":[],"jetpack_featured_media_url":"https:\/\/i0.wp.com\/www.svzweckel.de\/wp-content\/uploads\/wp-17237368025232303827173761148406.jpg?fit=2000%2C1125&ssl=1","jetpack_sharing_enabled":true,"_links":{"self":[{"href":"https:\/\/www.svzweckel.de\/index.php?rest_route=\/wp\/v2\/posts\/17567","targetHints":{"allow":["GET"]}}],"collection":[{"href":"https:\/\/www.svzweckel.de\/index.php?rest_route=\/wp\/v2\/posts"}],"about":[{"href":"https:\/\/www.svzweckel.de\/index.php?rest_route=\/wp\/v2\/types\/post"}],"author":[{"embeddable":true,"href":"https:\/\/www.svzweckel.de\/index.php?rest_route=\/wp\/v2\/users\/3"}],"replies":[{"embeddable":true,"href":"https:\/\/www.svzweckel.de\/index.php?rest_route=%2Fwp%2Fv2%2Fcomments&post=17567"}],"version-history":[{"count":1,"href":"https:\/\/www.svzweckel.de\/index.php?rest_route=\/wp\/v2\/posts\/17567\/revisions"}],"predecessor-version":[{"id":17568,"href":"https:\/\/www.svzweckel.de\/index.php?rest_route=\/wp\/v2\/posts\/17567\/revisions\/17568"}],"wp:featuredmedia":[{"embeddable":true,"href":"https:\/\/www.svzweckel.de\/index.php?rest_route=\/wp\/v2\/media\/17259"}],"wp:attachment":[{"href":"https:\/\/www.svzweckel.de\/index.php?rest_route=%2Fwp%2Fv2%2Fmedia&parent=17567"}],"wp:term":[{"taxonomy":"category","embeddable":true,"href":"https:\/\/www.svzweckel.de\/index.php?rest_route=%2Fwp%2Fv2%2Fcategories&post=17567"},{"taxonomy":"post_tag","embeddable":true,"href":"https:\/\/www.svzweckel.de\/index.php?rest_route=%2Fwp%2Fv2%2Ftags&post=17567"}],"curies":[{"name":"wp","href":"https:\/\/api.w.org\/{rel}","templated":true}]}}