{"id":17576,"date":"2024-12-02T12:04:40","date_gmt":"2024-12-02T11:04:40","guid":{"rendered":"https:\/\/www.svzweckel.de\/?p=17576"},"modified":"2024-12-05T23:29:38","modified_gmt":"2024-12-05T22:29:38","slug":"sieg-im-rueckrundenauftaktspiel","status":"publish","type":"post","link":"https:\/\/www.svzweckel.de\/?p=17576","title":{"rendered":"Sieg im R\u00fcckrundenauftaktspiel"},"content":{"rendered":"\n<p>SV Zweckel &#8211; Erler Spielverein 4:2<\/p>\n\n\n\n<p>Das war ein gelungener R\u00fcckrundenauftakt der Zweckeler! Nach der verdienten Niederlage im letzten Heimspiel gegen Bulmke zeigten die Schwarz-Gr\u00fcnen, die gegen Erler im roten Trikot antreten mussten, eine tolle und engagierte Leistung.<br>Aus einer verst\u00e4rkten Abwehr heraus, in der Tristan Oben-Stintenberg mit Leon Heckmann die Innenverteidigung bildete und mit Nick Kossak und Ylli Rushiti zwei junge Au\u00dfenverteidiger am Werk waren, konterten die Gastgeber in den ersten Minuten vorbildlich. <\/p>\n\n\n\n<p>Taktgeber Serkan K\u00f6se gab mit einem langen Pass auf Jan Schwers den Auftakt in der 6. Minute und schickte den Zweckeler Torj\u00e4ger auf die Reise. Dieser umkurvte den herauseilenden Keeper und versenkte den Ball zu F\u00fchrung in die Erler Maschen. <\/p>\n\n\n\n<p>Nur zwei Minuten sp\u00e4ter fast das gleiche Bild: Jan Schwers passte auf Sebastian Waldner, der ebenfalls den Erler Torwart umkurvte und zum vielumjubelten 2:0 einschoss.<\/p>\n\n\n\n<p>In der Folge \u00fcbernahmen die favorisierten G\u00e4ste das Spiel und erarbeiteten sich eine Feld\u00fcberlegenheit, welche die junge Zweckeler Mannschaft, bei der auch wieder Moritz Heidenreich im Mittelfeld mitwirken durfte, gut verteidigte. Die G\u00e4ste, die immerhin \u00fcber den drittst\u00e4rksten Sturm der Liga verf\u00fcgten, erarbeiteten sich kaum echte Torchancen. Die Gastgeber agierten auf der anderen Seite daf\u00fcr in der 34. Minute mit einem sehr starken Angriffspressing und zwangen die Erler vor dem Sechzehner zu einem Fehlpass, den Serkan K\u00f6se erlief und mit seinem linken Fu\u00df mit einem Schlenzer zum 3:0 vollendete. Mit diesem Ergebnis ging es auch in dei Pause.<\/p>\n\n\n\n<p>Die G\u00e4ste kamen mit viel Schwung aus der Kabine und setzten die Zweckeler gewaltig unter Druck, so dass diese sich kaum aus der gegnerischen Umklammerung befreien konnten. In der 61. Minute war es dann auch so weit: Ein weiter Flankenwechsel wurde durch die junge Zweckeler Defensive unterlaufen und die anschlie\u00dfende flache Hereingabe verwandelten die G\u00e4ste zum Anschlusstreffer. Die Zweckeler gerieten weiterhin unter Druck, stabilisierten sich allerdings, zumal Keeper Dario Schierenberg mit seiner Sicherheit bei hohen B\u00e4llen viel Druck aus den Flanken herausnahm.<\/p>\n\n\n\n<p>Trotzdem fiel in der 84. Minute das 3:2, als ein Erler Angreifer sich auf der linken Seite durchsetzte und seine Flanke durch den Tabellenvierten zum Anschlusstreffer genutzt werden konnte. Nun wurde es wild in der Uli Simon Arena. Die Erler dr\u00e4ngten mit Macht auf den Ausgleich und die Zweckeler verteidigten alle Angriffe leidenschaftlich weg. <\/p>\n\n\n\n<p>In der dritten Minute der Nachspielzeit machte Torj\u00e4ger Jan Schwers mit seinem zweiten Treffer in diesem Spiel den Deckel drauf. Eine \u00fcberragende Einzelaktion schloss er mit einem Heber \u00fcber den herauslaufenden Keeper ab und erzielte seinen 14. Treffer in der laufenden Saison.<\/p>\n\n\n\n<p>Der SV Zweckel hat sich mit dieser jungen Truppe in der Bezirksliga sehr achtbar geschlagen und belegt in der Winterpause einen guten 9. Tabellenplatz. Der Vorsprung vor dem ersten Abstiegsplatz betr\u00e4gt f\u00fcnf Punkte, so dass in den restlichen 13 Spielen wahrscheinlich noch 12 Punkte geholt werden m\u00fcssen, um einem Abstieg sicher zu entgehen. <\/p>\n\n\n\n<p>Bei den in vielen Spielen an den Tag gelegten Leistungen der Zweckeler d\u00fcrften sich die Mannschaft und die Verantwortlichen im Verein eigentlich keine Sorgen machen. Bei weiteren konzentrierten Leistungen wie am vergangenen Sonntag gegen Erle werden die Schwarz-Gr\u00fcnen sich bestimmt deutlich von den Abstiegsr\u00e4ngen absetzen k\u00f6nnen.<\/p>\n","protected":false},"excerpt":{"rendered":"<p>SV Zweckel &#8211; Erler Spielverein 4:2 Das war ein gelungener R\u00fcckrundenauftakt der Zweckeler! Nach der verdienten Niederlage im letzten Heimspiel gegen Bulmke zeigten die Schwarz-Gr\u00fcnen, die gegen Erler im roten Trikot antreten mussten, eine tolle und engagierte Leistung.Aus einer verst\u00e4rkten Abwehr heraus, in der Tristan Oben-Stintenberg mit Leon Heckmann die Innenverteidigung bildete und mit Nick [&hellip;]<\/p>\n","protected":false},"author":3,"featured_media":17572,"comment_status":"open","ping_status":"closed","sticky":false,"template":"","format":"standard","meta":{"_jetpack_memberships_contains_paid_content":false,"footnotes":"","jetpack_publicize_message":"","jetpack_publicize_feature_enabled":true,"jetpack_social_post_already_shared":true,"jetpack_social_options":{"image_generator_settings":{"template":"highway","default_image_id":0,"font":"","enabled":false},"version":2}},"categories":[2,3],"tags":[],"class_list":["post-17576","post","type-post","status-publish","format-standard","has-post-thumbnail","hentry","category-1-mannschaft","category-allgemein"],"jetpack_publicize_connections":[],"jetpack_featured_media_url":"https:\/\/i0.wp.com\/www.svzweckel.de\/wp-content\/uploads\/wp-17331338634962086913633895349282.jpg?fit=2000%2C1125&ssl=1","jetpack_sharing_enabled":true,"_links":{"self":[{"href":"https:\/\/www.svzweckel.de\/index.php?rest_route=\/wp\/v2\/posts\/17576","targetHints":{"allow":["GET"]}}],"collection":[{"href":"https:\/\/www.svzweckel.de\/index.php?rest_route=\/wp\/v2\/posts"}],"about":[{"href":"https:\/\/www.svzweckel.de\/index.php?rest_route=\/wp\/v2\/types\/post"}],"author":[{"embeddable":true,"href":"https:\/\/www.svzweckel.de\/index.php?rest_route=\/wp\/v2\/users\/3"}],"replies":[{"embeddable":true,"href":"https:\/\/www.svzweckel.de\/index.php?rest_route=%2Fwp%2Fv2%2Fcomments&post=17576"}],"version-history":[{"count":1,"href":"https:\/\/www.svzweckel.de\/index.php?rest_route=\/wp\/v2\/posts\/17576\/revisions"}],"predecessor-version":[{"id":17577,"href":"https:\/\/www.svzweckel.de\/index.php?rest_route=\/wp\/v2\/posts\/17576\/revisions\/17577"}],"wp:featuredmedia":[{"embeddable":true,"href":"https:\/\/www.svzweckel.de\/index.php?rest_route=\/wp\/v2\/media\/17572"}],"wp:attachment":[{"href":"https:\/\/www.svzweckel.de\/index.php?rest_route=%2Fwp%2Fv2%2Fmedia&parent=17576"}],"wp:term":[{"taxonomy":"category","embeddable":true,"href":"https:\/\/www.svzweckel.de\/index.php?rest_route=%2Fwp%2Fv2%2Fcategories&post=17576"},{"taxonomy":"post_tag","embeddable":true,"href":"https:\/\/www.svzweckel.de\/index.php?rest_route=%2Fwp%2Fv2%2Ftags&post=17576"}],"curies":[{"name":"wp","href":"https:\/\/api.w.org\/{rel}","templated":true}]}}