{"id":17611,"date":"2024-12-12T20:54:22","date_gmt":"2024-12-12T19:54:22","guid":{"rendered":"https:\/\/www.svzweckel.de\/?p=17611"},"modified":"2024-12-12T21:28:04","modified_gmt":"2024-12-12T20:28:04","slug":"serkan-koese-hat-auch-verlaengert","status":"publish","type":"post","link":"https:\/\/www.svzweckel.de\/?p=17611","title":{"rendered":"Serkan K\u00f6se hat auch verl\u00e4ngert!"},"content":{"rendered":"\n<p>Die Gespr\u00e4che der Verantwortlichen mit Spielern f\u00fcr die &#8222;neue&#8220; Erste laufen weiter. Serkan K\u00f6se, erfahrener Mittelfeldregisseur der Zweckeler, hat dem Verein auch f\u00fcr die neue Saison zugesagt.<\/p>\n\n\n\n<p>Der SV Zweckel freut sich \u00fcber eine weitere Zusammenarbeit mit dem Mittelfeldstrategen in der neuen Saison 2025\/26. <\/p>\n","protected":false},"excerpt":{"rendered":"<p>Die Gespr\u00e4che der Verantwortlichen mit Spielern f\u00fcr die &#8222;neue&#8220; Erste laufen weiter. Serkan K\u00f6se, erfahrener Mittelfeldregisseur der Zweckeler, hat dem Verein auch f\u00fcr die neue Saison zugesagt. Der SV Zweckel freut sich \u00fcber eine weitere Zusammenarbeit mit dem Mittelfeldstrategen in der neuen Saison 2025\/26.<\/p>\n","protected":false},"author":3,"featured_media":17620,"comment_status":"open","ping_status":"closed","sticky":false,"template":"","format":"standard","meta":{"_jetpack_memberships_contains_paid_content":false,"footnotes":"","jetpack_publicize_message":"","jetpack_publicize_feature_enabled":true,"jetpack_social_post_already_shared":true,"jetpack_social_options":{"image_generator_settings":{"template":"highway","default_image_id":0,"font":"","enabled":false},"version":2}},"categories":[3],"tags":[],"class_list":["post-17611","post","type-post","status-publish","format-standard","has-post-thumbnail","hentry","category-allgemein"],"jetpack_publicize_connections":[],"jetpack_featured_media_url":"https:\/\/i0.wp.com\/www.svzweckel.de\/wp-content\/uploads\/Serkan-Koese.jpg?fit=1077%2C778&ssl=1","jetpack_sharing_enabled":true,"_links":{"self":[{"href":"https:\/\/www.svzweckel.de\/index.php?rest_route=\/wp\/v2\/posts\/17611","targetHints":{"allow":["GET"]}}],"collection":[{"href":"https:\/\/www.svzweckel.de\/index.php?rest_route=\/wp\/v2\/posts"}],"about":[{"href":"https:\/\/www.svzweckel.de\/index.php?rest_route=\/wp\/v2\/types\/post"}],"author":[{"embeddable":true,"href":"https:\/\/www.svzweckel.de\/index.php?rest_route=\/wp\/v2\/users\/3"}],"replies":[{"embeddable":true,"href":"https:\/\/www.svzweckel.de\/index.php?rest_route=%2Fwp%2Fv2%2Fcomments&post=17611"}],"version-history":[{"count":3,"href":"https:\/\/www.svzweckel.de\/index.php?rest_route=\/wp\/v2\/posts\/17611\/revisions"}],"predecessor-version":[{"id":17615,"href":"https:\/\/www.svzweckel.de\/index.php?rest_route=\/wp\/v2\/posts\/17611\/revisions\/17615"}],"wp:featuredmedia":[{"embeddable":true,"href":"https:\/\/www.svzweckel.de\/index.php?rest_route=\/wp\/v2\/media\/17620"}],"wp:attachment":[{"href":"https:\/\/www.svzweckel.de\/index.php?rest_route=%2Fwp%2Fv2%2Fmedia&parent=17611"}],"wp:term":[{"taxonomy":"category","embeddable":true,"href":"https:\/\/www.svzweckel.de\/index.php?rest_route=%2Fwp%2Fv2%2Fcategories&post=17611"},{"taxonomy":"post_tag","embeddable":true,"href":"https:\/\/www.svzweckel.de\/index.php?rest_route=%2Fwp%2Fv2%2Ftags&post=17611"}],"curies":[{"name":"wp","href":"https:\/\/api.w.org\/{rel}","templated":true}]}}