{"id":17626,"date":"2024-12-13T19:48:18","date_gmt":"2024-12-13T18:48:18","guid":{"rendered":"https:\/\/www.svzweckel.de\/?p=17626"},"modified":"2024-12-13T19:48:19","modified_gmt":"2024-12-13T18:48:19","slug":"die-mittelachse-steht","status":"publish","type":"post","link":"https:\/\/www.svzweckel.de\/?p=17626","title":{"rendered":"Die Mittelachse steht!"},"content":{"rendered":"\n<p>Nach St\u00fcrmer Jan Schwers, Mittelfeldregisseur Serkan K\u00f6se hat der SV Zweckel auch mit Tristan Oben-Stintenberg \u00fcber die aktuelle Saison hinaus verl\u00e4ngert. <\/p>\n\n\n\n<p>Der 22j\u00e4hrige spielt schon in der vierten Saison beim SV Zweckel in der Seniorenabteilung, nachdem er auch lange Jahre in der Jugend f\u00fcr den Verein aktiv gewesen ist. Mit seiner Ruhe und seinem Kampfgeist hat er den Zweckelern in dieser Zeit immer gezeigt, dass er aus der Innenverteidigung nicht wegzudenken ist. In der laufenden Saison ist er in der jungen Zweckeler Verteidigung der &#8222;Oldie&#8220;, der den Youngstern neben ihm immer mit gutem Beispiel vorangeht.<\/p>\n\n\n\n<p>Der SV Zweckel freut sich \u00fcber eine weitere Saison mit Tristan!<\/p>\n\n\n\n<p><\/p>\n","protected":false},"excerpt":{"rendered":"<p>Nach St\u00fcrmer Jan Schwers, Mittelfeldregisseur Serkan K\u00f6se hat der SV Zweckel auch mit Tristan Oben-Stintenberg \u00fcber die aktuelle Saison hinaus verl\u00e4ngert. Der 22j\u00e4hrige spielt schon in der vierten Saison beim SV Zweckel in der Seniorenabteilung, nachdem er auch lange Jahre in der Jugend f\u00fcr den Verein aktiv gewesen ist. Mit seiner Ruhe und seinem Kampfgeist [&hellip;]<\/p>\n","protected":false},"author":3,"featured_media":17625,"comment_status":"open","ping_status":"closed","sticky":false,"template":"","format":"standard","meta":{"_jetpack_memberships_contains_paid_content":false,"footnotes":"","jetpack_publicize_message":"","jetpack_publicize_feature_enabled":true,"jetpack_social_post_already_shared":true,"jetpack_social_options":{"image_generator_settings":{"template":"highway","default_image_id":0,"font":"","enabled":false},"version":2}},"categories":[2],"tags":[],"class_list":["post-17626","post","type-post","status-publish","format-standard","has-post-thumbnail","hentry","category-1-mannschaft"],"jetpack_publicize_connections":[],"jetpack_featured_media_url":"https:\/\/i0.wp.com\/www.svzweckel.de\/wp-content\/uploads\/Tristan.jpg?fit=1077%2C808&ssl=1","jetpack_sharing_enabled":true,"_links":{"self":[{"href":"https:\/\/www.svzweckel.de\/index.php?rest_route=\/wp\/v2\/posts\/17626","targetHints":{"allow":["GET"]}}],"collection":[{"href":"https:\/\/www.svzweckel.de\/index.php?rest_route=\/wp\/v2\/posts"}],"about":[{"href":"https:\/\/www.svzweckel.de\/index.php?rest_route=\/wp\/v2\/types\/post"}],"author":[{"embeddable":true,"href":"https:\/\/www.svzweckel.de\/index.php?rest_route=\/wp\/v2\/users\/3"}],"replies":[{"embeddable":true,"href":"https:\/\/www.svzweckel.de\/index.php?rest_route=%2Fwp%2Fv2%2Fcomments&post=17626"}],"version-history":[{"count":2,"href":"https:\/\/www.svzweckel.de\/index.php?rest_route=\/wp\/v2\/posts\/17626\/revisions"}],"predecessor-version":[{"id":17628,"href":"https:\/\/www.svzweckel.de\/index.php?rest_route=\/wp\/v2\/posts\/17626\/revisions\/17628"}],"wp:featuredmedia":[{"embeddable":true,"href":"https:\/\/www.svzweckel.de\/index.php?rest_route=\/wp\/v2\/media\/17625"}],"wp:attachment":[{"href":"https:\/\/www.svzweckel.de\/index.php?rest_route=%2Fwp%2Fv2%2Fmedia&parent=17626"}],"wp:term":[{"taxonomy":"category","embeddable":true,"href":"https:\/\/www.svzweckel.de\/index.php?rest_route=%2Fwp%2Fv2%2Fcategories&post=17626"},{"taxonomy":"post_tag","embeddable":true,"href":"https:\/\/www.svzweckel.de\/index.php?rest_route=%2Fwp%2Fv2%2Ftags&post=17626"}],"curies":[{"name":"wp","href":"https:\/\/api.w.org\/{rel}","templated":true}]}}