{"id":17679,"date":"2025-01-08T00:50:12","date_gmt":"2025-01-07T23:50:12","guid":{"rendered":"https:\/\/www.svzweckel.de\/?p=17679"},"modified":"2025-01-08T10:20:54","modified_gmt":"2025-01-08T09:20:54","slug":"trainer-gesucht-fuer-eine-neue-3-mannschaft-2","status":"publish","type":"post","link":"https:\/\/www.svzweckel.de\/?p=17679","title":{"rendered":"Trainer gesucht f\u00fcr eine neue 3. Mannschaft!"},"content":{"rendered":"\n<p>Der SV Zweckel m\u00f6chte expandieren und sucht f\u00fcr eine neu zu gr\u00fcndende 3. Mannschaft einen Trainer oder ein Trainergespann.<br>Durch den neuen Kunstrasenplatz sind die Neuanmeldungen im Verein deutlich nach oben gegangen, so dass im Sommer eine neue Mannschaft formiert und in der Kreisliga C gemeldet werden soll.<br>Bei Interesse meldet Euch bitte unter info@svzweckel.de.<br>Die Verantwortlichen des Vereins werden sich danach mit Euch in Verbindung setzen und einen Termin absprechen, um ein erstes Gespr\u00e4ch zu f\u00fchren.<\/p>\n","protected":false},"excerpt":{"rendered":"<p>Der SV Zweckel m\u00f6chte expandieren und sucht f\u00fcr eine neu zu gr\u00fcndende 3. Mannschaft einen Trainer oder ein Trainergespann.Durch den neuen Kunstrasenplatz sind die Neuanmeldungen im Verein deutlich nach oben gegangen, so dass im Sommer eine neue Mannschaft formiert und in der Kreisliga C gemeldet werden soll.Bei Interesse meldet Euch bitte unter info@svzweckel.de.Die Verantwortlichen des [&hellip;]<\/p>\n","protected":false},"author":3,"featured_media":17686,"comment_status":"open","ping_status":"closed","sticky":false,"template":"","format":"standard","meta":{"_jetpack_memberships_contains_paid_content":false,"footnotes":"","jetpack_publicize_message":"","jetpack_publicize_feature_enabled":true,"jetpack_social_post_already_shared":true,"jetpack_social_options":{"image_generator_settings":{"template":"highway","default_image_id":0,"font":"","enabled":false},"version":2}},"categories":[3],"tags":[],"class_list":["post-17679","post","type-post","status-publish","format-standard","has-post-thumbnail","hentry","category-allgemein"],"jetpack_publicize_connections":[],"jetpack_featured_media_url":"https:\/\/i0.wp.com\/www.svzweckel.de\/wp-content\/uploads\/DSC01771-Standard-1.jpg?fit=800%2C533&ssl=1","jetpack_sharing_enabled":true,"_links":{"self":[{"href":"https:\/\/www.svzweckel.de\/index.php?rest_route=\/wp\/v2\/posts\/17679","targetHints":{"allow":["GET"]}}],"collection":[{"href":"https:\/\/www.svzweckel.de\/index.php?rest_route=\/wp\/v2\/posts"}],"about":[{"href":"https:\/\/www.svzweckel.de\/index.php?rest_route=\/wp\/v2\/types\/post"}],"author":[{"embeddable":true,"href":"https:\/\/www.svzweckel.de\/index.php?rest_route=\/wp\/v2\/users\/3"}],"replies":[{"embeddable":true,"href":"https:\/\/www.svzweckel.de\/index.php?rest_route=%2Fwp%2Fv2%2Fcomments&post=17679"}],"version-history":[{"count":1,"href":"https:\/\/www.svzweckel.de\/index.php?rest_route=\/wp\/v2\/posts\/17679\/revisions"}],"predecessor-version":[{"id":17685,"href":"https:\/\/www.svzweckel.de\/index.php?rest_route=\/wp\/v2\/posts\/17679\/revisions\/17685"}],"wp:featuredmedia":[{"embeddable":true,"href":"https:\/\/www.svzweckel.de\/index.php?rest_route=\/wp\/v2\/media\/17686"}],"wp:attachment":[{"href":"https:\/\/www.svzweckel.de\/index.php?rest_route=%2Fwp%2Fv2%2Fmedia&parent=17679"}],"wp:term":[{"taxonomy":"category","embeddable":true,"href":"https:\/\/www.svzweckel.de\/index.php?rest_route=%2Fwp%2Fv2%2Fcategories&post=17679"},{"taxonomy":"post_tag","embeddable":true,"href":"https:\/\/www.svzweckel.de\/index.php?rest_route=%2Fwp%2Fv2%2Ftags&post=17679"}],"curies":[{"name":"wp","href":"https:\/\/api.w.org\/{rel}","templated":true}]}}