{"id":17737,"date":"2025-01-19T21:16:31","date_gmt":"2025-01-19T20:16:31","guid":{"rendered":"https:\/\/www.svzweckel.de\/?p=17737"},"modified":"2025-01-19T21:17:38","modified_gmt":"2025-01-19T20:17:38","slug":"guter-test-der-zweiten-beim-winterauftakt","status":"publish","type":"post","link":"https:\/\/www.svzweckel.de\/?p=17737","title":{"rendered":"Guter Test der Zweiten beim Winterauftakt"},"content":{"rendered":"\n<p>SV Zweckel II &#8211; DJK Wanne-Eickel 88 3:2 (1:2)<\/p>\n\n\n\n<p>Die Zweite konnte erstmalig im Winter vor der eigenen Ersten ein Heimspiel bestreiten und hatte mit dem B-Ligisten Wanne-Eickel 88 aus Herne einen guten Gegner eingeladen. Die G\u00e4ste gingen in der der vierten Minute der ersten Halbzeit mit 0:1 in F\u00fchrung, welche durch Lenny Theis in der 22. Minute ausgeglichen wurde. Doch die G\u00e4ste gingen kurz vor der Pause abermals in F\u00fchrung.<br \/>Nur vier Minunten nach der Pause wurden die verst\u00e4rkten Angriffsbem\u00fchungen der Zweckeler durch David Belz mit dem Ausgleich belohnt.Durch ein Eigentor gerieten die Gastgeber auf die Siegerstra\u00dfe und gewannen das erste offizielle Spiel des Jahres 2025 mit 3:2.<\/p>\n","protected":false},"excerpt":{"rendered":"<p>SV Zweckel II &#8211; DJK Wanne-Eickel 88 3:2 (1:2) Die Zweite konnte erstmalig im Winter vor der eigenen Ersten ein Heimspiel bestreiten und hatte mit dem B-Ligisten Wanne-Eickel 88 aus Herne einen guten Gegner eingeladen. Die G\u00e4ste gingen in der der vierten Minute der ersten Halbzeit mit 0:1 in F\u00fchrung, welche durch Lenny Theis in [&hellip;]<\/p>\n","protected":false},"author":3,"featured_media":17741,"comment_status":"open","ping_status":"closed","sticky":false,"template":"","format":"standard","meta":{"_jetpack_memberships_contains_paid_content":false,"footnotes":"","jetpack_publicize_message":"","jetpack_publicize_feature_enabled":true,"jetpack_social_post_already_shared":true,"jetpack_social_options":{"image_generator_settings":{"template":"highway","default_image_id":0,"font":"","enabled":false},"version":2}},"categories":[3],"tags":[],"class_list":["post-17737","post","type-post","status-publish","format-standard","has-post-thumbnail","hentry","category-allgemein"],"jetpack_publicize_connections":[],"jetpack_featured_media_url":"https:\/\/i0.wp.com\/www.svzweckel.de\/wp-content\/uploads\/wp-17373166955782105704403180747306.jpg?fit=2000%2C1125&ssl=1","jetpack_sharing_enabled":true,"_links":{"self":[{"href":"https:\/\/www.svzweckel.de\/index.php?rest_route=\/wp\/v2\/posts\/17737","targetHints":{"allow":["GET"]}}],"collection":[{"href":"https:\/\/www.svzweckel.de\/index.php?rest_route=\/wp\/v2\/posts"}],"about":[{"href":"https:\/\/www.svzweckel.de\/index.php?rest_route=\/wp\/v2\/types\/post"}],"author":[{"embeddable":true,"href":"https:\/\/www.svzweckel.de\/index.php?rest_route=\/wp\/v2\/users\/3"}],"replies":[{"embeddable":true,"href":"https:\/\/www.svzweckel.de\/index.php?rest_route=%2Fwp%2Fv2%2Fcomments&post=17737"}],"version-history":[{"count":1,"href":"https:\/\/www.svzweckel.de\/index.php?rest_route=\/wp\/v2\/posts\/17737\/revisions"}],"predecessor-version":[{"id":17744,"href":"https:\/\/www.svzweckel.de\/index.php?rest_route=\/wp\/v2\/posts\/17737\/revisions\/17744"}],"wp:featuredmedia":[{"embeddable":true,"href":"https:\/\/www.svzweckel.de\/index.php?rest_route=\/wp\/v2\/media\/17741"}],"wp:attachment":[{"href":"https:\/\/www.svzweckel.de\/index.php?rest_route=%2Fwp%2Fv2%2Fmedia&parent=17737"}],"wp:term":[{"taxonomy":"category","embeddable":true,"href":"https:\/\/www.svzweckel.de\/index.php?rest_route=%2Fwp%2Fv2%2Fcategories&post=17737"},{"taxonomy":"post_tag","embeddable":true,"href":"https:\/\/www.svzweckel.de\/index.php?rest_route=%2Fwp%2Fv2%2Ftags&post=17737"}],"curies":[{"name":"wp","href":"https:\/\/api.w.org\/{rel}","templated":true}]}}