{"id":17745,"date":"2025-01-19T21:59:53","date_gmt":"2025-01-19T20:59:53","guid":{"rendered":"https:\/\/www.svzweckel.de\/?p=17745"},"modified":"2025-01-19T22:01:25","modified_gmt":"2025-01-19T21:01:25","slug":"unentschieden-im-test-gegen-eintracht-erle","status":"publish","type":"post","link":"https:\/\/www.svzweckel.de\/?p=17745","title":{"rendered":"Unentschieden im Test gegen Eintracht Erle"},"content":{"rendered":"\n<p><strong>SV Zweckel &#8211; Eintracht Erle 2:2 (1:0)<\/strong><\/p>\n\n\n\n<p>Der SV Zweckel hat bei nebeligem Wetter sein erstes Heimspiel zum Start in der Winterpause nach gef\u00fchlten Jahrzehnten in der Uli Simon Arena ausgetragen. Trotz teils eingeschr\u00e4nkter Sicht f\u00fcr die Zuschauer hatte der gute Schiedsrichter Paul Hoppe immer den \u00dcberblick und leitete ein interessantes Spiel, in welchem die Gastgeber nach mehreren guten Einschussm\u00f6glichkeiten bis zur 39. Minute auf die F\u00fchrung warten mussten. Jan Schwers \u00fcberlief nach einem langen Abschlag von Torwart Dario Schierenberg die letzte Reihe und schob den Ball mit links zur F\u00fchrung in das gegnerische Tor ein.<\/p>\n\n\n\n<p>In der Halbzeitpause wechselte Trainer Marc Bahl seine Mannschaft auf 9 bzw. sp\u00e4ter auf 10 Positionen und bot allen Spielern, die spielf\u00e4hig waren die Gelegenheit, sich auf dem Kunstrasen zu pr\u00e4sentieren. Der starke Gast aus Erle dr\u00e4ngte in der zweiten Halbzeit vehement auf das Zweckeler Tor, so dass die Gastgeber eher \u00fcber Konter gef\u00e4hrlich wurden. Diese wurden allerdings trotz bester Einschussm\u00f6glichkeiten nicht genutzt. Die G\u00e4ste machten es besser und gingen durch zwei Treffer in der 71. und 73. Minute mit 1:2 in F\u00fchrung. <br \/>Jan Schwers konnte die F\u00fchrung der Erler noch egalisieren, so dass die Zweckeler nach einem guten Test den Platz mit einem Unentschieden verlie\u00dfen.<\/p>\n\n\n\n<p> <\/p>\n","protected":false},"excerpt":{"rendered":"<p>SV Zweckel &#8211; Eintracht Erle 2:2 (1:0) Der SV Zweckel hat bei nebeligem Wetter sein erstes Heimspiel zum Start in der Winterpause nach gef\u00fchlten Jahrzehnten in der Uli Simon Arena ausgetragen. Trotz teils eingeschr\u00e4nkter Sicht f\u00fcr die Zuschauer hatte der gute Schiedsrichter Paul Hoppe immer den \u00dcberblick und leitete ein interessantes Spiel, in welchem die [&hellip;]<\/p>\n","protected":false},"author":3,"featured_media":17738,"comment_status":"open","ping_status":"closed","sticky":false,"template":"","format":"standard","meta":{"_jetpack_memberships_contains_paid_content":false,"footnotes":"","jetpack_publicize_message":"","jetpack_publicize_feature_enabled":true,"jetpack_social_post_already_shared":true,"jetpack_social_options":{"image_generator_settings":{"template":"highway","default_image_id":0,"font":"","enabled":false},"version":2}},"categories":[3],"tags":[],"class_list":["post-17745","post","type-post","status-publish","format-standard","has-post-thumbnail","hentry","category-allgemein"],"jetpack_publicize_connections":[],"jetpack_featured_media_url":"https:\/\/i0.wp.com\/www.svzweckel.de\/wp-content\/uploads\/wp-17373166640371765936416037026550.jpg?fit=2000%2C1125&ssl=1","jetpack_sharing_enabled":true,"_links":{"self":[{"href":"https:\/\/www.svzweckel.de\/index.php?rest_route=\/wp\/v2\/posts\/17745","targetHints":{"allow":["GET"]}}],"collection":[{"href":"https:\/\/www.svzweckel.de\/index.php?rest_route=\/wp\/v2\/posts"}],"about":[{"href":"https:\/\/www.svzweckel.de\/index.php?rest_route=\/wp\/v2\/types\/post"}],"author":[{"embeddable":true,"href":"https:\/\/www.svzweckel.de\/index.php?rest_route=\/wp\/v2\/users\/3"}],"replies":[{"embeddable":true,"href":"https:\/\/www.svzweckel.de\/index.php?rest_route=%2Fwp%2Fv2%2Fcomments&post=17745"}],"version-history":[{"count":2,"href":"https:\/\/www.svzweckel.de\/index.php?rest_route=\/wp\/v2\/posts\/17745\/revisions"}],"predecessor-version":[{"id":17747,"href":"https:\/\/www.svzweckel.de\/index.php?rest_route=\/wp\/v2\/posts\/17745\/revisions\/17747"}],"wp:featuredmedia":[{"embeddable":true,"href":"https:\/\/www.svzweckel.de\/index.php?rest_route=\/wp\/v2\/media\/17738"}],"wp:attachment":[{"href":"https:\/\/www.svzweckel.de\/index.php?rest_route=%2Fwp%2Fv2%2Fmedia&parent=17745"}],"wp:term":[{"taxonomy":"category","embeddable":true,"href":"https:\/\/www.svzweckel.de\/index.php?rest_route=%2Fwp%2Fv2%2Fcategories&post=17745"},{"taxonomy":"post_tag","embeddable":true,"href":"https:\/\/www.svzweckel.de\/index.php?rest_route=%2Fwp%2Fv2%2Ftags&post=17745"}],"curies":[{"name":"wp","href":"https:\/\/api.w.org\/{rel}","templated":true}]}}