{"id":17751,"date":"2025-01-20T01:04:02","date_gmt":"2025-01-20T00:04:02","guid":{"rendered":"https:\/\/www.svzweckel.de\/?p=17751"},"modified":"2025-01-20T01:04:46","modified_gmt":"2025-01-20T00:04:46","slug":"zweiter-test-gegen","status":"publish","type":"post","link":"https:\/\/www.svzweckel.de\/?p=17751","title":{"rendered":"Zweiter Test gegen"},"content":{"rendered":"\n<p><strong>Dienstag, 21.01.25, 19:30 Uhr: SV Zweckel &#8211; SV Fortuna Bottrop<\/strong><\/p>\n\n\n\n<p>Die Fortunen aus Bottrop haben in der Vorbereitungszeit schon zwei Spiele gegen Mannschaften aus Gelsenkirchen augetragen. Gegen Horst 08 II (Kreisliga A) verloren die Bottroper, die im Moment als Tabelleletzter der Bezirksliga Gruppe 5 gegen den Abstieg spielen, am letzten Sonntag mit 2:0. Am Freitagabend erzielten die Bottroper mit einer 1:2-Niederlage gegen den Landesligatabellenf\u00fchrer SSV Buer ein mehr als achtbares Ergebnis.<\/p>\n\n\n\n<p>Zum Kader der Bottroper, die von Marco Hoffmann trainiert werden, geh\u00f6rt auch Matteo Guidone, der bis zur Winterpause noch zum Kader der Zweckeler geh\u00f6rte.<\/p>\n\n\n\n<p>Die Zweckeler spielten am Sonntag zum Auftakt der Vorbereitungsspiele in der Winterpause Remis gegen Eintracht Erle und hinterlie\u00dfen dabei einen gr\u00f6\u00dftenteils guten Eindruck. F\u00fcr den ersten Auftritt im neuen Jahr pr\u00e4sentierten sich die Schwarz-Gr\u00fcnen schon recht passabel.<\/p>\n\n\n\n<p>Auch gegen Bottrop d\u00fcrfte das Trainergespann allen einsatzf\u00e4higen Akteuren Spielzeiten geben, um Erkenntnisse f\u00fcr die beste Aufstellung zu erlangen. <\/p>\n","protected":false},"excerpt":{"rendered":"<p>Dienstag, 21.01.25, 19:30 Uhr: SV Zweckel &#8211; SV Fortuna Bottrop Die Fortunen aus Bottrop haben in der Vorbereitungszeit schon zwei Spiele gegen Mannschaften aus Gelsenkirchen augetragen. Gegen Horst 08 II (Kreisliga A) verloren die Bottroper, die im Moment als Tabelleletzter der Bezirksliga Gruppe 5 gegen den Abstieg spielen, am letzten Sonntag mit 2:0. Am Freitagabend [&hellip;]<\/p>\n","protected":false},"author":3,"featured_media":17748,"comment_status":"open","ping_status":"closed","sticky":false,"template":"","format":"standard","meta":{"_jetpack_memberships_contains_paid_content":false,"footnotes":"","jetpack_publicize_message":"","jetpack_publicize_feature_enabled":true,"jetpack_social_post_already_shared":true,"jetpack_social_options":{"image_generator_settings":{"template":"highway","default_image_id":0,"font":"","enabled":false},"version":2}},"categories":[3],"tags":[],"class_list":["post-17751","post","type-post","status-publish","format-standard","has-post-thumbnail","hentry","category-allgemein"],"jetpack_publicize_connections":[],"jetpack_featured_media_url":"https:\/\/i0.wp.com\/www.svzweckel.de\/wp-content\/uploads\/wp-17373288300941946771393854536121.jpg?fit=2000%2C1125&ssl=1","jetpack_sharing_enabled":true,"_links":{"self":[{"href":"https:\/\/www.svzweckel.de\/index.php?rest_route=\/wp\/v2\/posts\/17751","targetHints":{"allow":["GET"]}}],"collection":[{"href":"https:\/\/www.svzweckel.de\/index.php?rest_route=\/wp\/v2\/posts"}],"about":[{"href":"https:\/\/www.svzweckel.de\/index.php?rest_route=\/wp\/v2\/types\/post"}],"author":[{"embeddable":true,"href":"https:\/\/www.svzweckel.de\/index.php?rest_route=\/wp\/v2\/users\/3"}],"replies":[{"embeddable":true,"href":"https:\/\/www.svzweckel.de\/index.php?rest_route=%2Fwp%2Fv2%2Fcomments&post=17751"}],"version-history":[{"count":2,"href":"https:\/\/www.svzweckel.de\/index.php?rest_route=\/wp\/v2\/posts\/17751\/revisions"}],"predecessor-version":[{"id":17753,"href":"https:\/\/www.svzweckel.de\/index.php?rest_route=\/wp\/v2\/posts\/17751\/revisions\/17753"}],"wp:featuredmedia":[{"embeddable":true,"href":"https:\/\/www.svzweckel.de\/index.php?rest_route=\/wp\/v2\/media\/17748"}],"wp:attachment":[{"href":"https:\/\/www.svzweckel.de\/index.php?rest_route=%2Fwp%2Fv2%2Fmedia&parent=17751"}],"wp:term":[{"taxonomy":"category","embeddable":true,"href":"https:\/\/www.svzweckel.de\/index.php?rest_route=%2Fwp%2Fv2%2Fcategories&post=17751"},{"taxonomy":"post_tag","embeddable":true,"href":"https:\/\/www.svzweckel.de\/index.php?rest_route=%2Fwp%2Fv2%2Ftags&post=17751"}],"curies":[{"name":"wp","href":"https:\/\/api.w.org\/{rel}","templated":true}]}}