{"id":17754,"date":"2025-01-24T12:09:36","date_gmt":"2025-01-24T11:09:36","guid":{"rendered":"https:\/\/www.svzweckel.de\/?p=17754"},"modified":"2025-01-24T12:09:38","modified_gmt":"2025-01-24T11:09:38","slug":"vorbereitung-geht-weiter","status":"publish","type":"post","link":"https:\/\/www.svzweckel.de\/?p=17754","title":{"rendered":"Vorbereitung geht weiter!"},"content":{"rendered":"\n<p>Sonntag, 26.01.2025, 13:00 Uhr: SV Zweckel II &#8211; VfB  G\u00fcnnigfeld II<\/p>\n\n\n\n<p>Nach dem ausgefallen Vorbereitungspiel der Zweiten gegen den TSV Marl-H\u00fcls tritt die Reserve gegen die Zweite von G\u00fcnnigfeld an, welche in der Kreisliga A als Tabellenletzter gegen den Abstieg k\u00e4mpft. Nach dem Auftaktsieg gegen DJK Wanne-Eickel 88 im ersten Vorbereitungsspiel d\u00fcrfte die Mannchaft ovn Mike Theis gegen den klassenh\u00f6heren Gegner nicht chancenlos sein.<\/p>\n\n\n\n<p>Sonntag, 26.01.2025, 15:00 Uhr: SV Zweckel &#8211; DJK Wattenscheid<\/p>\n\n\n\n<p>Im letzten Meisterschaftsspiel vor der Winterpause erzielten die Wattenscheider in der Bezirksliga im Heimspiel gegen TuS Heven einen wichtigen Sieg, mit dem sie lediglich nur noch vier Punkte auf den ersten Nichtabstiegsrang haben.<\/p>\n\n\n\n<p>Die Zweckeler verloren am letzten Dienstag nach einer 2:0-F\u00fchrung noch mit 2:3 gegen Fortuna Bottrop, mussten krankheits- oder verletzungsbedingt auf einige Stammkr\u00e4fte verzichten mussten. Au\u00dferdem testet das Trainergespann um Marc Bahl noch diverse Formationen, um Alternativen f\u00fcr alle Positionen zu finden.<\/p>\n","protected":false},"excerpt":{"rendered":"<p>Sonntag, 26.01.2025, 13:00 Uhr: SV Zweckel II &#8211; VfB G\u00fcnnigfeld II Nach dem ausgefallen Vorbereitungspiel der Zweiten gegen den TSV Marl-H\u00fcls tritt die Reserve gegen die Zweite von G\u00fcnnigfeld an, welche in der Kreisliga A als Tabellenletzter gegen den Abstieg k\u00e4mpft. Nach dem Auftaktsieg gegen DJK Wanne-Eickel 88 im ersten Vorbereitungsspiel d\u00fcrfte die Mannchaft ovn [&hellip;]<\/p>\n","protected":false},"author":3,"featured_media":17756,"comment_status":"open","ping_status":"closed","sticky":false,"template":"","format":"standard","meta":{"_jetpack_memberships_contains_paid_content":false,"footnotes":"","jetpack_publicize_message":"","jetpack_publicize_feature_enabled":true,"jetpack_social_post_already_shared":true,"jetpack_social_options":{"image_generator_settings":{"template":"highway","default_image_id":0,"font":"","enabled":false},"version":2}},"categories":[3],"tags":[],"class_list":["post-17754","post","type-post","status-publish","format-standard","has-post-thumbnail","hentry","category-allgemein"],"jetpack_publicize_connections":[],"jetpack_featured_media_url":"https:\/\/i0.wp.com\/www.svzweckel.de\/wp-content\/uploads\/DSC01813-Gross.jpg?fit=1620%2C1080&ssl=1","jetpack_sharing_enabled":true,"_links":{"self":[{"href":"https:\/\/www.svzweckel.de\/index.php?rest_route=\/wp\/v2\/posts\/17754","targetHints":{"allow":["GET"]}}],"collection":[{"href":"https:\/\/www.svzweckel.de\/index.php?rest_route=\/wp\/v2\/posts"}],"about":[{"href":"https:\/\/www.svzweckel.de\/index.php?rest_route=\/wp\/v2\/types\/post"}],"author":[{"embeddable":true,"href":"https:\/\/www.svzweckel.de\/index.php?rest_route=\/wp\/v2\/users\/3"}],"replies":[{"embeddable":true,"href":"https:\/\/www.svzweckel.de\/index.php?rest_route=%2Fwp%2Fv2%2Fcomments&post=17754"}],"version-history":[{"count":1,"href":"https:\/\/www.svzweckel.de\/index.php?rest_route=\/wp\/v2\/posts\/17754\/revisions"}],"predecessor-version":[{"id":17755,"href":"https:\/\/www.svzweckel.de\/index.php?rest_route=\/wp\/v2\/posts\/17754\/revisions\/17755"}],"wp:featuredmedia":[{"embeddable":true,"href":"https:\/\/www.svzweckel.de\/index.php?rest_route=\/wp\/v2\/media\/17756"}],"wp:attachment":[{"href":"https:\/\/www.svzweckel.de\/index.php?rest_route=%2Fwp%2Fv2%2Fmedia&parent=17754"}],"wp:term":[{"taxonomy":"category","embeddable":true,"href":"https:\/\/www.svzweckel.de\/index.php?rest_route=%2Fwp%2Fv2%2Fcategories&post=17754"},{"taxonomy":"post_tag","embeddable":true,"href":"https:\/\/www.svzweckel.de\/index.php?rest_route=%2Fwp%2Fv2%2Ftags&post=17754"}],"curies":[{"name":"wp","href":"https:\/\/api.w.org\/{rel}","templated":true}]}}