{"id":17762,"date":"2025-01-26T22:37:20","date_gmt":"2025-01-26T21:37:20","guid":{"rendered":"https:\/\/www.svzweckel.de\/?p=17762"},"modified":"2025-01-26T22:37:43","modified_gmt":"2025-01-26T21:37:43","slug":"remis-gegen-wattenscheid","status":"publish","type":"post","link":"https:\/\/www.svzweckel.de\/?p=17762","title":{"rendered":"Remis gegen Wattenscheid"},"content":{"rendered":"\n<p>SV Zweckel &#8211;  DJK Wattenscheid 2:2 (2:0)<\/p>\n\n\n\n<p>Auch im dritten Vorbereitungsspiel der Winterpause hat der SV Zweckel keinen Sieg errungen. <br \/>Mit der DJK Wattenscheid hatte Marc Bahl einen Gegner eingeladen, der bekannterma\u00dfen einen intensiven Fu\u00dfball pflegt und die junge Zweckeler Mannschaft mit harter Gegenwehr stressen kann. <br \/><br \/>Es ging gut los in der Uli Simon Arena, denn nach gut drei Minuten erzielte Sebastian Waldner das fr\u00fche 1:0. In der Folge kamen die Zweckeler gut ins Spiel und erspielten sich einige gute Torhancen, welche allerdings noch nicht zum gew\u00fcnschten Erfolg.  In der 12. Minute konnte Serkan K\u00f6se im &#8222;Nachfassen&#8220; das 2:0 erzielen.  <br \/>Danach waren die Zweckeler immer wieder auf dem Weg zum weiteren Ausbau der F\u00fchrung, verloren jedoch ihre Zielstrebigkeit.<\/p>\n\n\n\n<p>Die Mannschaft musste immer noch auf einge Mitspieler verzichten, welche durch Verletzugen noch au\u00dfer Gefecht gesetzt sind. Auch Winterzugang Okan Isleyen wird in den n\u00e4chsten ca. 6 Wochen nicht zur Verf\u00fcgung stehen. <br \/>Durch einen tollen Freisto\u00df erzielten die Wattenscheider in der 35. Minute den Anschlusstreffer und konnten nach einer Unachtsamkeit den Ausgleich erzielen.<\/p>\n\n\n\n<p>Nach dem Wechsel wurde die Partie noch einmal intensiver und die junge Zweckeler Mannschaft musste lernen, sich gegen eine harte Gangart des Gegners zur Wehr zu setzen. Das haben die Jungs auch schon recht ordentlich gemacht und werden sich auch durch solch ein Spiel weiterentwickeln.<\/p>\n\n\n\n<p>Fu\u00dfball wurde aber auch weiter gespielt. Die Gastgeber hatten den Torschrei noch einige Male auf den Lippen, scheiterten aber immer wieder am Wattenscheider Keeper, der mehrfach \u00fcberragend die B\u00e4lle abwehrte.<\/p>\n\n\n\n<p>Am Dienstag, dem 28.01.25, 19:30 Uhr geht es weiter mit einem Heimspiel gegen DKSV Helen Essen.<\/p>\n","protected":false},"excerpt":{"rendered":"<p>SV Zweckel &#8211; DJK Wattenscheid 2:2 (2:0) Auch im dritten Vorbereitungsspiel der Winterpause hat der SV Zweckel keinen Sieg errungen. Mit der DJK Wattenscheid hatte Marc Bahl einen Gegner eingeladen, der bekannterma\u00dfen einen intensiven Fu\u00dfball pflegt und die junge Zweckeler Mannschaft mit harter Gegenwehr stressen kann. Es ging gut los in der Uli Simon Arena, [&hellip;]<\/p>\n","protected":false},"author":3,"featured_media":17757,"comment_status":"open","ping_status":"closed","sticky":false,"template":"","format":"standard","meta":{"_jetpack_memberships_contains_paid_content":false,"footnotes":"","jetpack_publicize_message":"","jetpack_publicize_feature_enabled":true,"jetpack_social_post_already_shared":true,"jetpack_social_options":{"image_generator_settings":{"template":"highway","default_image_id":0,"font":"","enabled":false},"version":2}},"categories":[3],"tags":[],"class_list":["post-17762","post","type-post","status-publish","format-standard","has-post-thumbnail","hentry","category-allgemein"],"jetpack_publicize_connections":[],"jetpack_featured_media_url":"https:\/\/i0.wp.com\/www.svzweckel.de\/wp-content\/uploads\/wp-17379037574733671471300304548108.jpg?fit=2000%2C1125&ssl=1","jetpack_sharing_enabled":true,"_links":{"self":[{"href":"https:\/\/www.svzweckel.de\/index.php?rest_route=\/wp\/v2\/posts\/17762","targetHints":{"allow":["GET"]}}],"collection":[{"href":"https:\/\/www.svzweckel.de\/index.php?rest_route=\/wp\/v2\/posts"}],"about":[{"href":"https:\/\/www.svzweckel.de\/index.php?rest_route=\/wp\/v2\/types\/post"}],"author":[{"embeddable":true,"href":"https:\/\/www.svzweckel.de\/index.php?rest_route=\/wp\/v2\/users\/3"}],"replies":[{"embeddable":true,"href":"https:\/\/www.svzweckel.de\/index.php?rest_route=%2Fwp%2Fv2%2Fcomments&post=17762"}],"version-history":[{"count":1,"href":"https:\/\/www.svzweckel.de\/index.php?rest_route=\/wp\/v2\/posts\/17762\/revisions"}],"predecessor-version":[{"id":17763,"href":"https:\/\/www.svzweckel.de\/index.php?rest_route=\/wp\/v2\/posts\/17762\/revisions\/17763"}],"wp:featuredmedia":[{"embeddable":true,"href":"https:\/\/www.svzweckel.de\/index.php?rest_route=\/wp\/v2\/media\/17757"}],"wp:attachment":[{"href":"https:\/\/www.svzweckel.de\/index.php?rest_route=%2Fwp%2Fv2%2Fmedia&parent=17762"}],"wp:term":[{"taxonomy":"category","embeddable":true,"href":"https:\/\/www.svzweckel.de\/index.php?rest_route=%2Fwp%2Fv2%2Fcategories&post=17762"},{"taxonomy":"post_tag","embeddable":true,"href":"https:\/\/www.svzweckel.de\/index.php?rest_route=%2Fwp%2Fv2%2Ftags&post=17762"}],"curies":[{"name":"wp","href":"https:\/\/api.w.org\/{rel}","templated":true}]}}