{"id":17774,"date":"2025-02-03T17:55:39","date_gmt":"2025-02-03T16:55:39","guid":{"rendered":"https:\/\/www.svzweckel.de\/?p=17774"},"modified":"2025-02-03T17:55:42","modified_gmt":"2025-02-03T16:55:42","slug":"derby-gegen-adler-ellinghorst","status":"publish","type":"post","link":"https:\/\/www.svzweckel.de\/?p=17774","title":{"rendered":"Derby gegen Adler Ellinghorst"},"content":{"rendered":"\n<p>Dienstag, 04.02.25, 190:30 Uhr: SV Zweckel &#8211; Adler Ellinghorst<\/p>\n\n\n\n<p>Nachdem auch Genklikspor Recklinghausen, der f\u00fcr Dienstag avisierte Gegner kurzfristig ein Vorbereitungsspiel beim SV Zweckel abgesagt hatte, konnten ein sehr guter Testspielgegner einspringen. <\/p>\n\n\n\n<p>Der aktuelle Hallenstadtmeister Adler Ellinghorst, der vor einigen Wochen noch die Zweckeler im Endspiel in der Halle bezwungen hatte, stellte sich kurzfristig f\u00fcr ein Testspiel in der Uli Simon Arena zur Verf\u00fcgung.<\/p>\n\n\n\n<p>Das d\u00fcrfte f\u00fcr die Schwarz-Gr\u00fcnen ein echter Pr\u00fcfstein im Hinblick auf die in knapp zwei Wochen beginnende R\u00fcckrunde sein. In diesem Spiel m\u00fcssen die Zweckeler ein anderes Gesicht an den Tag legen als beim knappen Sieg gegen die eigene Zweite.<\/p>\n","protected":false},"excerpt":{"rendered":"<p>Dienstag, 04.02.25, 190:30 Uhr: SV Zweckel &#8211; Adler Ellinghorst Nachdem auch Genklikspor Recklinghausen, der f\u00fcr Dienstag avisierte Gegner kurzfristig ein Vorbereitungsspiel beim SV Zweckel abgesagt hatte, konnten ein sehr guter Testspielgegner einspringen. Der aktuelle Hallenstadtmeister Adler Ellinghorst, der vor einigen Wochen noch die Zweckeler im Endspiel in der Halle bezwungen hatte, stellte sich kurzfristig f\u00fcr [&hellip;]<\/p>\n","protected":false},"author":3,"featured_media":17775,"comment_status":"open","ping_status":"closed","sticky":false,"template":"","format":"standard","meta":{"_jetpack_memberships_contains_paid_content":false,"footnotes":"","jetpack_publicize_message":"","jetpack_publicize_feature_enabled":true,"jetpack_social_post_already_shared":true,"jetpack_social_options":{"image_generator_settings":{"template":"highway","default_image_id":0,"font":"","enabled":false},"version":2}},"categories":[3],"tags":[],"class_list":["post-17774","post","type-post","status-publish","format-standard","has-post-thumbnail","hentry","category-allgemein"],"jetpack_publicize_connections":[],"jetpack_featured_media_url":"https:\/\/i0.wp.com\/www.svzweckel.de\/wp-content\/uploads\/wp-173860161029638686645914734223.jpg?fit=2000%2C1125&ssl=1","jetpack_sharing_enabled":true,"_links":{"self":[{"href":"https:\/\/www.svzweckel.de\/index.php?rest_route=\/wp\/v2\/posts\/17774","targetHints":{"allow":["GET"]}}],"collection":[{"href":"https:\/\/www.svzweckel.de\/index.php?rest_route=\/wp\/v2\/posts"}],"about":[{"href":"https:\/\/www.svzweckel.de\/index.php?rest_route=\/wp\/v2\/types\/post"}],"author":[{"embeddable":true,"href":"https:\/\/www.svzweckel.de\/index.php?rest_route=\/wp\/v2\/users\/3"}],"replies":[{"embeddable":true,"href":"https:\/\/www.svzweckel.de\/index.php?rest_route=%2Fwp%2Fv2%2Fcomments&post=17774"}],"version-history":[{"count":1,"href":"https:\/\/www.svzweckel.de\/index.php?rest_route=\/wp\/v2\/posts\/17774\/revisions"}],"predecessor-version":[{"id":17778,"href":"https:\/\/www.svzweckel.de\/index.php?rest_route=\/wp\/v2\/posts\/17774\/revisions\/17778"}],"wp:featuredmedia":[{"embeddable":true,"href":"https:\/\/www.svzweckel.de\/index.php?rest_route=\/wp\/v2\/media\/17775"}],"wp:attachment":[{"href":"https:\/\/www.svzweckel.de\/index.php?rest_route=%2Fwp%2Fv2%2Fmedia&parent=17774"}],"wp:term":[{"taxonomy":"category","embeddable":true,"href":"https:\/\/www.svzweckel.de\/index.php?rest_route=%2Fwp%2Fv2%2Fcategories&post=17774"},{"taxonomy":"post_tag","embeddable":true,"href":"https:\/\/www.svzweckel.de\/index.php?rest_route=%2Fwp%2Fv2%2Ftags&post=17774"}],"curies":[{"name":"wp","href":"https:\/\/api.w.org\/{rel}","templated":true}]}}