{"id":17803,"date":"2025-02-09T23:18:54","date_gmt":"2025-02-09T22:18:54","guid":{"rendered":"https:\/\/www.svzweckel.de\/?p=17803"},"modified":"2025-02-09T23:18:56","modified_gmt":"2025-02-09T22:18:56","slug":"generalprobe-verloren","status":"publish","type":"post","link":"https:\/\/www.svzweckel.de\/?p=17803","title":{"rendered":"Generalprobe verloren"},"content":{"rendered":"\n<p>SV Zweckel &#8211; BVH Dorsten 0:2 (0:0)<\/p>\n\n\n\n<p>Der SV Zweckel hat im letzten Vorbereitungsspiel vor dem ersten Meisterschaftsspiel im Jahr 2025 gegen eine starken Gegner eine Niederlage erlitten.<\/p>\n\n\n\n<p>In einem ausgeglichenen Spiel vers\u00e4umten es die ersatzgeschw\u00e4chten Gastgeber, klare Torchancen in Tore umzum\u00fcnzen. Der Zweckeler Kapit\u00e4n und Torj\u00e4ger Jan Schwers musste neben einigen Stammspielern verletzungsbedingt leider aussetzen, so dass man nur spekulieren kann, dass er ein oder zwei der sich bietenden Gelgenheiten genutzt h\u00e4tte.<\/p>\n\n\n\n<p>In der zweiten Halbzeit gingen die Dorstener nach einem langen Flankenball durch einen Kopfball im F\u00fcnfmeterraum mit 0:1 in F\u00fchrung. Nach sieben Wechseln hatten die Zweckeler immer noch die Gelegenheit, den Ausgleich zu erzielen, scheiterten allerdings auch am einige Male stark reagierenden G\u00e4stekeeper. <\/p>\n\n\n\n<p>Kurz vor Schluss erh\u00f6hten die G\u00e4ste auf 0:2, als die neuformierte Zweckeler Heimdefensive einige Abstimmungsprobleme offenbarte.<\/p>\n\n\n\n<p>Das Team konnte sich durch diesen Vergleich mit einem physich starken Gegner schon einmal auf das n\u00e4chste Spiel in Hessler einstellen und dann hoffentlich wieder etwas erfolgreicher agieren wird.<\/p>\n","protected":false},"excerpt":{"rendered":"<p>SV Zweckel &#8211; BVH Dorsten 0:2 (0:0) Der SV Zweckel hat im letzten Vorbereitungsspiel vor dem ersten Meisterschaftsspiel im Jahr 2025 gegen eine starken Gegner eine Niederlage erlitten. In einem ausgeglichenen Spiel vers\u00e4umten es die ersatzgeschw\u00e4chten Gastgeber, klare Torchancen in Tore umzum\u00fcnzen. Der Zweckeler Kapit\u00e4n und Torj\u00e4ger Jan Schwers musste neben einigen Stammspielern verletzungsbedingt leider [&hellip;]<\/p>\n","protected":false},"author":3,"featured_media":17794,"comment_status":"open","ping_status":"closed","sticky":false,"template":"","format":"standard","meta":{"_jetpack_memberships_contains_paid_content":false,"footnotes":"","jetpack_publicize_message":"","jetpack_publicize_feature_enabled":true,"jetpack_social_post_already_shared":true,"jetpack_social_options":{"image_generator_settings":{"template":"highway","default_image_id":0,"font":"","enabled":false},"version":2}},"categories":[3],"tags":[],"class_list":["post-17803","post","type-post","status-publish","format-standard","has-post-thumbnail","hentry","category-allgemein"],"jetpack_publicize_connections":[],"jetpack_featured_media_url":"https:\/\/i0.wp.com\/www.svzweckel.de\/wp-content\/uploads\/wp-17391383111563033556776604961948.jpg?fit=2000%2C1125&ssl=1","jetpack_sharing_enabled":true,"_links":{"self":[{"href":"https:\/\/www.svzweckel.de\/index.php?rest_route=\/wp\/v2\/posts\/17803","targetHints":{"allow":["GET"]}}],"collection":[{"href":"https:\/\/www.svzweckel.de\/index.php?rest_route=\/wp\/v2\/posts"}],"about":[{"href":"https:\/\/www.svzweckel.de\/index.php?rest_route=\/wp\/v2\/types\/post"}],"author":[{"embeddable":true,"href":"https:\/\/www.svzweckel.de\/index.php?rest_route=\/wp\/v2\/users\/3"}],"replies":[{"embeddable":true,"href":"https:\/\/www.svzweckel.de\/index.php?rest_route=%2Fwp%2Fv2%2Fcomments&post=17803"}],"version-history":[{"count":1,"href":"https:\/\/www.svzweckel.de\/index.php?rest_route=\/wp\/v2\/posts\/17803\/revisions"}],"predecessor-version":[{"id":17804,"href":"https:\/\/www.svzweckel.de\/index.php?rest_route=\/wp\/v2\/posts\/17803\/revisions\/17804"}],"wp:featuredmedia":[{"embeddable":true,"href":"https:\/\/www.svzweckel.de\/index.php?rest_route=\/wp\/v2\/media\/17794"}],"wp:attachment":[{"href":"https:\/\/www.svzweckel.de\/index.php?rest_route=%2Fwp%2Fv2%2Fmedia&parent=17803"}],"wp:term":[{"taxonomy":"category","embeddable":true,"href":"https:\/\/www.svzweckel.de\/index.php?rest_route=%2Fwp%2Fv2%2Fcategories&post=17803"},{"taxonomy":"post_tag","embeddable":true,"href":"https:\/\/www.svzweckel.de\/index.php?rest_route=%2Fwp%2Fv2%2Ftags&post=17803"}],"curies":[{"name":"wp","href":"https:\/\/api.w.org\/{rel}","templated":true}]}}