{"id":17812,"date":"2025-02-13T12:21:59","date_gmt":"2025-02-13T11:21:59","guid":{"rendered":"https:\/\/www.svzweckel.de\/?p=17812"},"modified":"2025-02-13T12:23:29","modified_gmt":"2025-02-13T11:23:29","slug":"jahreshauptversammlung-am-31-03-23-2","status":"publish","type":"post","link":"https:\/\/www.svzweckel.de\/?p=17812","title":{"rendered":"Jahreshauptversammlung am 14.03.25"},"content":{"rendered":"\n<h1 class=\"wp-block-heading has-medium-font-size\"><strong>Die diesj\u00e4hrige Jahrshauptversammlung, zu der alle Mitglieder eingeladen sind, findet am Freitag, dem 14.03.2025 um 19:23 Uhr im Zweckeler Vereinsheim statt.<\/strong><\/h1>\n\n\n\n<p id=\"block-73a51e49-4f6f-4ff1-a665-878325ac78fa\">Tagesordnung:<\/p>\n\n\n\n<p id=\"block-af1a9817-8d85-4815-b6f3-ad5e9a0a2264\">1. Feststellung der Beschlussf\u00e4higkeit der Versammlung<\/p>\n\n\n\n<p id=\"block-c2818ac9-5cf3-4320-8e3c-76254e8bf297\">2. Allgemeiner Jahresbericht des Vorstandes und Bericht \u00fcber das laufende Gesch\u00e4ftsjahr<\/p>\n\n\n\n<p id=\"block-08ae6872-a119-45cd-a255-9b743465f57d\">3. Jahresbericht Alte Herren<\/p>\n\n\n\n<p id=\"block-cb9b624a-c760-4845-897a-42dbde8d0e54\">4. Jahresbericht Jugendabteilung<\/p>\n\n\n\n<p id=\"block-13a44736-a1db-4ea5-92ac-b2bb160e1011\">5. Jahresbericht Dartsabteilung<\/p>\n\n\n\n<p id=\"block-17670f59-45b7-4a1d-ab01-34d91c50ee25\">6. Kassenbericht<\/p>\n\n\n\n<p id=\"block-fdae80c5-95e7-4ebd-9b72-70daa26dffbd\">7. Bericht der Kassenpr\u00fcfer<\/p>\n\n\n\n<p id=\"block-b55a212e-d05d-4e8c-8ca7-60e59ed610b1\">8. Entlastung des Vorstandes<\/p>\n\n\n\n<p id=\"block-faebba5d-0e9b-45eb-b153-f5996a626f12\">9. Ehrungen<\/p>\n\n\n\n<p id=\"block-87cd7904-20db-46b4-8a13-640b24b853ca\">10. Verschiedenes<\/p>\n\n\n\n<p id=\"block-a86172de-dd3c-4b04-9338-676ea452d53a\">Gem\u00e4\u00df Ziffer 10.6 der Satzung m\u00fcssen Antr\u00e4ge von Mitgliedern zur Tagesordnung mindestens 5 Tage vor der Versammlung schriftlich bei dem Vorsitzenden eingegangen sein. Diese Antr\u00e4ge sind in die Tagesordnung aufzunehmen.<\/p>\n\n\n\n<p id=\"block-f1b6e793-cb6e-44d4-a11c-01b7a3404e6a\">An der Jahreshauptversammlung k\u00f6nnen ausschlie\u00dflich Vereinsmitglieder teilnehmen. Alle anderen G\u00e4ste werden gebeten, das Vereinsheim bis 19:00 Uhr zu verlassen.<\/p>\n\n\n\n<p id=\"block-fcc9541a-2d34-480b-9c62-049dc54c0e68\">Der Vorstand<\/p>\n","protected":false},"excerpt":{"rendered":"<p>Die diesj\u00e4hrige Jahrshauptversammlung, zu der alle Mitglieder eingeladen sind, findet am Freitag, dem 14.03.2025 um 19:23 Uhr im Zweckeler Vereinsheim statt. Tagesordnung: 1. Feststellung der Beschlussf\u00e4higkeit der Versammlung 2. Allgemeiner Jahresbericht des Vorstandes und Bericht \u00fcber das laufende Gesch\u00e4ftsjahr 3. Jahresbericht Alte Herren 4. Jahresbericht Jugendabteilung 5. Jahresbericht Dartsabteilung 6. Kassenbericht 7. Bericht der Kassenpr\u00fcfer [&hellip;]<\/p>\n","protected":false},"author":3,"featured_media":17813,"comment_status":"open","ping_status":"closed","sticky":false,"template":"","format":"standard","meta":{"_jetpack_memberships_contains_paid_content":false,"footnotes":"","jetpack_publicize_message":"","jetpack_publicize_feature_enabled":true,"jetpack_social_post_already_shared":true,"jetpack_social_options":{"image_generator_settings":{"template":"highway","default_image_id":0,"font":"","enabled":false},"version":2}},"categories":[3],"tags":[],"class_list":["post-17812","post","type-post","status-publish","format-standard","has-post-thumbnail","hentry","category-allgemein"],"jetpack_publicize_connections":[],"jetpack_featured_media_url":"https:\/\/i0.wp.com\/www.svzweckel.de\/wp-content\/uploads\/wp-17394454341254231387245380585962.jpg?fit=2000%2C1125&ssl=1","jetpack_sharing_enabled":true,"_links":{"self":[{"href":"https:\/\/www.svzweckel.de\/index.php?rest_route=\/wp\/v2\/posts\/17812","targetHints":{"allow":["GET"]}}],"collection":[{"href":"https:\/\/www.svzweckel.de\/index.php?rest_route=\/wp\/v2\/posts"}],"about":[{"href":"https:\/\/www.svzweckel.de\/index.php?rest_route=\/wp\/v2\/types\/post"}],"author":[{"embeddable":true,"href":"https:\/\/www.svzweckel.de\/index.php?rest_route=\/wp\/v2\/users\/3"}],"replies":[{"embeddable":true,"href":"https:\/\/www.svzweckel.de\/index.php?rest_route=%2Fwp%2Fv2%2Fcomments&post=17812"}],"version-history":[{"count":3,"href":"https:\/\/www.svzweckel.de\/index.php?rest_route=\/wp\/v2\/posts\/17812\/revisions"}],"predecessor-version":[{"id":17861,"href":"https:\/\/www.svzweckel.de\/index.php?rest_route=\/wp\/v2\/posts\/17812\/revisions\/17861"}],"wp:featuredmedia":[{"embeddable":true,"href":"https:\/\/www.svzweckel.de\/index.php?rest_route=\/wp\/v2\/media\/17813"}],"wp:attachment":[{"href":"https:\/\/www.svzweckel.de\/index.php?rest_route=%2Fwp%2Fv2%2Fmedia&parent=17812"}],"wp:term":[{"taxonomy":"category","embeddable":true,"href":"https:\/\/www.svzweckel.de\/index.php?rest_route=%2Fwp%2Fv2%2Fcategories&post=17812"},{"taxonomy":"post_tag","embeddable":true,"href":"https:\/\/www.svzweckel.de\/index.php?rest_route=%2Fwp%2Fv2%2Ftags&post=17812"}],"curies":[{"name":"wp","href":"https:\/\/api.w.org\/{rel}","templated":true}]}}