{"id":17819,"date":"2025-02-16T18:24:29","date_gmt":"2025-02-16T17:24:29","guid":{"rendered":"https:\/\/www.svzweckel.de\/?p=17819"},"modified":"2025-02-16T18:24:31","modified_gmt":"2025-02-16T17:24:31","slug":"verdiente-niederlage-in-hessler","status":"publish","type":"post","link":"https:\/\/www.svzweckel.de\/?p=17819","title":{"rendered":"Verdiente Niederlage in Hessler"},"content":{"rendered":"\n<p>SV Hessler &#8211; SV Zweckel (1:0) 1:0<\/p>\n\n\n\n<p>F\u00fcr den SV Zweckel war in den letzten Jahren in Hessler kein Blumentopf zu holen und das sollte sich auch im heutigen Spiel nicht \u00e4ndern. <\/p>\n\n\n\n<p>Gegen einen alles andere als starken Gegener schafften es die Zweckeler nicht, ein durchschlagkr\u00e4ftiges Offensivspiel aufzuziehen. Die G\u00e4ste agierten zu h\u00e4ufig ideenlos und versuchten die gegnerische Abwehr \u00fcber Chip-B\u00e4lle zu knacken, statt die schnellen Au\u00dfen einzusetzen um in den R\u00fccken der Hessleraner Defensive zu kommen. Immer wieder gingen die Schwarz-Gr\u00fcnen \u00fcberfl\u00fcssigerweise ins Eins-gegen-Eins-Spiel und rieben sich dadurch in den Zweik\u00e4mpfen auf.<\/p>\n\n\n\n<p>Nach einem Abstimmungsfehler in der Zweckeler Abwehr erzielten die Gastgeber im Nachschuss in der 45. Minute das zu diesem Zeitpunkt etwas \u00fcberraschende 1:0. <\/p>\n\n\n\n<p>Nach der Pause versuchten die Zweckeler etwas mehr Druck aufzubauen, waren damit allerdings nicht erfolgreich, da sie zu einfallslos agierten. Auch wenn die Hessleraner konditionell merklich abbauten waren sie \u00fcber Haris Imsirovic und Lukas Tomanek immer wieder gef\u00e4hrlich und verpassten es insbesondere durch letztgenannten die F\u00fchrung zu erh\u00f6hen. Zweckel fand in der Offensive \u00fcberhaupt keine Mittel, eine um jeden Zentimeter k\u00e4mpfende Mannschaft in Verlegenheit zu bringen. Nur der guten Leistung von Torh\u00fcter Darion Schierenberg ist es letztendlich zu verdanken, dass es bei einer knappen Niederlage der Zweckeler blieb. <\/p>\n\n\n\n<p>Zu allem \u00dcberfluss holte sich Marcel Heidenreich nach einem Gergangel eine rote Karte ab und musste mit einem Hessleraner Akteur, der ebenfalls des Feldes verwiesen wurde, vorzeitig zum Duschen in die Kabine gehen. <\/p>\n","protected":false},"excerpt":{"rendered":"<p>SV Hessler &#8211; SV Zweckel (1:0) 1:0 F\u00fcr den SV Zweckel war in den letzten Jahren in Hessler kein Blumentopf zu holen und das sollte sich auch im heutigen Spiel nicht \u00e4ndern. Gegen einen alles andere als starken Gegener schafften es die Zweckeler nicht, ein durchschlagkr\u00e4ftiges Offensivspiel aufzuziehen. Die G\u00e4ste agierten zu h\u00e4ufig ideenlos und [&hellip;]<\/p>\n","protected":false},"author":3,"featured_media":17821,"comment_status":"open","ping_status":"closed","sticky":false,"template":"","format":"standard","meta":{"_jetpack_memberships_contains_paid_content":false,"footnotes":"","jetpack_publicize_message":"","jetpack_publicize_feature_enabled":true,"jetpack_social_post_already_shared":true,"jetpack_social_options":{"image_generator_settings":{"template":"highway","default_image_id":0,"font":"","enabled":false},"version":2}},"categories":[3],"tags":[],"class_list":["post-17819","post","type-post","status-publish","format-standard","has-post-thumbnail","hentry","category-allgemein"],"jetpack_publicize_connections":[],"jetpack_featured_media_url":"https:\/\/i0.wp.com\/www.svzweckel.de\/wp-content\/uploads\/wp-17397265436321470602407529983449.jpg?fit=2000%2C1125&ssl=1","jetpack_sharing_enabled":true,"_links":{"self":[{"href":"https:\/\/www.svzweckel.de\/index.php?rest_route=\/wp\/v2\/posts\/17819","targetHints":{"allow":["GET"]}}],"collection":[{"href":"https:\/\/www.svzweckel.de\/index.php?rest_route=\/wp\/v2\/posts"}],"about":[{"href":"https:\/\/www.svzweckel.de\/index.php?rest_route=\/wp\/v2\/types\/post"}],"author":[{"embeddable":true,"href":"https:\/\/www.svzweckel.de\/index.php?rest_route=\/wp\/v2\/users\/3"}],"replies":[{"embeddable":true,"href":"https:\/\/www.svzweckel.de\/index.php?rest_route=%2Fwp%2Fv2%2Fcomments&post=17819"}],"version-history":[{"count":2,"href":"https:\/\/www.svzweckel.de\/index.php?rest_route=\/wp\/v2\/posts\/17819\/revisions"}],"predecessor-version":[{"id":17822,"href":"https:\/\/www.svzweckel.de\/index.php?rest_route=\/wp\/v2\/posts\/17819\/revisions\/17822"}],"wp:featuredmedia":[{"embeddable":true,"href":"https:\/\/www.svzweckel.de\/index.php?rest_route=\/wp\/v2\/media\/17821"}],"wp:attachment":[{"href":"https:\/\/www.svzweckel.de\/index.php?rest_route=%2Fwp%2Fv2%2Fmedia&parent=17819"}],"wp:term":[{"taxonomy":"category","embeddable":true,"href":"https:\/\/www.svzweckel.de\/index.php?rest_route=%2Fwp%2Fv2%2Fcategories&post=17819"},{"taxonomy":"post_tag","embeddable":true,"href":"https:\/\/www.svzweckel.de\/index.php?rest_route=%2Fwp%2Fv2%2Ftags&post=17819"}],"curies":[{"name":"wp","href":"https:\/\/api.w.org\/{rel}","templated":true}]}}