{"id":17828,"date":"2025-02-21T16:46:55","date_gmt":"2025-02-21T15:46:55","guid":{"rendered":"https:\/\/www.svzweckel.de\/?p=17828"},"modified":"2025-02-22T17:05:03","modified_gmt":"2025-02-22T16:05:03","slug":"wichtiges-spiel-gegen-herne-70","status":"publish","type":"post","link":"https:\/\/www.svzweckel.de\/?p=17828","title":{"rendered":"Wichtiges Spiel gegen Herne 70"},"content":{"rendered":"\n<p>Sonntag, 23.02.25, 15:00 Uhr: SV Zweckel &#8211; SG Herne 70<\/p>\n\n\n\n<p>Der SV Zweckel bestreitet am kommenden Sonntag ein ganz wichtiges Spiel in der Uli Simon Arena. Gegner ist die SG Herne 70, welche derzeit noch drei Punkte hinter den Schwarz-Gr\u00fcnen liegt und auf dem ersten Abstiegsplatz steht.<\/p>\n\n\n\n<p>Am letzten Sonntag erzielten die Herner gegen BV Herne-S\u00fcd, bis zu diesem Zeitpunkt noch Spitzenreiter der Bezirksliga 9, in der 89. Minute den Auslgeichstreffer und kn\u00f6pften den hoch favorisierten S\u00fcdern einen Punkt im Meisterschaftsrennen ab. <\/p>\n\n\n\n<p>Der SV Zweckel verlor verdient beim bis dahin ebenfalls abstiegsbedrohten SV Hessler mit 1:0 und pr\u00e4sentierte sich ideenlos und harmlos. Am Sonntag gilt es f\u00fcr die Heimmannschaft: Mit einem Sieg k\u00f6nnten sich die Zweckeler einen gro\u00dfen Schritt von der Abstiegszone entfernen, zumal im Spiel des VfB Kirchhellen gegen den BV Rentfort zwei Mannschaften untereinander duellieren, die derzeit auch noch hinter dem SV Zweckel stehen. <\/p>\n\n\n\n<p>Dazu bedarf es aber wieder mehr Dynamik, Selbstbewusstsein und Engagement, denn ohne eine entsprechende Einstellung wird es auch gegen die Herner ein schwieriges Unterfangen. Das Hinspiel endete 2:2, wobei die Zweckeler durch Sebastian Waldner in F\u00fchrung gingen, dann allerdings vor der Pause noch den Ausgleich hinnehmen mussten. In der 77. Minute gingen die Platzherren damals in F\u00fchrung, die jedoch nur vier Minuten sp\u00e4ter durch Serkan K\u00f6se ausgeglichen werden konnte.<\/p>\n","protected":false},"excerpt":{"rendered":"<p>Sonntag, 23.02.25, 15:00 Uhr: SV Zweckel &#8211; SG Herne 70 Der SV Zweckel bestreitet am kommenden Sonntag ein ganz wichtiges Spiel in der Uli Simon Arena. Gegner ist die SG Herne 70, welche derzeit noch drei Punkte hinter den Schwarz-Gr\u00fcnen liegt und auf dem ersten Abstiegsplatz steht. Am letzten Sonntag erzielten die Herner gegen BV [&hellip;]<\/p>\n","protected":false},"author":3,"featured_media":17805,"comment_status":"open","ping_status":"closed","sticky":false,"template":"","format":"standard","meta":{"_jetpack_memberships_contains_paid_content":false,"footnotes":"","jetpack_publicize_message":"","jetpack_publicize_feature_enabled":true,"jetpack_social_post_already_shared":true,"jetpack_social_options":{"image_generator_settings":{"template":"highway","default_image_id":0,"font":"","enabled":false},"version":2}},"categories":[3],"tags":[],"class_list":["post-17828","post","type-post","status-publish","format-standard","has-post-thumbnail","hentry","category-allgemein"],"jetpack_publicize_connections":[],"jetpack_featured_media_url":"https:\/\/i0.wp.com\/www.svzweckel.de\/wp-content\/uploads\/wp-17392973966505507135422382545045.jpg?fit=2000%2C1125&ssl=1","jetpack_sharing_enabled":true,"_links":{"self":[{"href":"https:\/\/www.svzweckel.de\/index.php?rest_route=\/wp\/v2\/posts\/17828","targetHints":{"allow":["GET"]}}],"collection":[{"href":"https:\/\/www.svzweckel.de\/index.php?rest_route=\/wp\/v2\/posts"}],"about":[{"href":"https:\/\/www.svzweckel.de\/index.php?rest_route=\/wp\/v2\/types\/post"}],"author":[{"embeddable":true,"href":"https:\/\/www.svzweckel.de\/index.php?rest_route=\/wp\/v2\/users\/3"}],"replies":[{"embeddable":true,"href":"https:\/\/www.svzweckel.de\/index.php?rest_route=%2Fwp%2Fv2%2Fcomments&post=17828"}],"version-history":[{"count":2,"href":"https:\/\/www.svzweckel.de\/index.php?rest_route=\/wp\/v2\/posts\/17828\/revisions"}],"predecessor-version":[{"id":17833,"href":"https:\/\/www.svzweckel.de\/index.php?rest_route=\/wp\/v2\/posts\/17828\/revisions\/17833"}],"wp:featuredmedia":[{"embeddable":true,"href":"https:\/\/www.svzweckel.de\/index.php?rest_route=\/wp\/v2\/media\/17805"}],"wp:attachment":[{"href":"https:\/\/www.svzweckel.de\/index.php?rest_route=%2Fwp%2Fv2%2Fmedia&parent=17828"}],"wp:term":[{"taxonomy":"category","embeddable":true,"href":"https:\/\/www.svzweckel.de\/index.php?rest_route=%2Fwp%2Fv2%2Fcategories&post=17828"},{"taxonomy":"post_tag","embeddable":true,"href":"https:\/\/www.svzweckel.de\/index.php?rest_route=%2Fwp%2Fv2%2Ftags&post=17828"}],"curies":[{"name":"wp","href":"https:\/\/api.w.org\/{rel}","templated":true}]}}