{"id":17844,"date":"2025-03-07T12:36:19","date_gmt":"2025-03-07T11:36:19","guid":{"rendered":"https:\/\/www.svzweckel.de\/?p=17844"},"modified":"2025-03-07T12:36:21","modified_gmt":"2025-03-07T11:36:21","slug":"kaderplanung-25-26","status":"publish","type":"post","link":"https:\/\/www.svzweckel.de\/?p=17844","title":{"rendered":"Kaderplanung 25\/26"},"content":{"rendered":"\n<p>Die sportliche Leitung des SV Zweckel hat sich mit vier weiteren Spielern des SV Zweckel auf ein weiteres Engagement geeinigt.<\/p>\n\n\n\n<p>Marlon Boris (im Beitragsbild links) geh\u00f6rt mit seinen 22 Jahren schon zum langj\u00e4hrigen Stamm der ersten Mannschaft und der Verein freut sich, dass das &#8222;Eigengew\u00e4chs&#8220; auch im kommenden Jahr seine Fu\u00dfballschuhe f\u00fcr die Schwarz-Gr\u00fcnen schn\u00fcrt.<\/p>\n\n\n\n<p>Ylli Rushiti (19 Jahre, im Beitragsbild rechts) bleibt nach seiner Einstiegssaison im Seniorenbereich auch im kommenden Jahr beim SV Zweckel. Der schnelle Au\u00dfenspieler kann sowohl in der Abwehr als auch im Mittelfeld eingesetzt werden und k\u00f6nnte mit Marlon Boris f\u00fcr viel Geschwindigkeit auf der rechten Au\u00dfenbahn sorgen. <\/p>\n\n\n\n<figure class=\"wp-block-image size-large\"><img data-recalc-dims=\"1\" loading=\"lazy\" decoding=\"async\" width=\"640\" height=\"360\" src=\"https:\/\/i0.wp.com\/www.svzweckel.de\/wp-content\/uploads\/Schwandt_Waldner-1.jpg?resize=640%2C360&#038;ssl=1\" alt=\"\" class=\"wp-image-17847\" srcset=\"https:\/\/i0.wp.com\/www.svzweckel.de\/wp-content\/uploads\/Schwandt_Waldner-1.jpg?resize=800%2C450&amp;ssl=1 800w, https:\/\/i0.wp.com\/www.svzweckel.de\/wp-content\/uploads\/Schwandt_Waldner-1.jpg?resize=300%2C169&amp;ssl=1 300w, https:\/\/i0.wp.com\/www.svzweckel.de\/wp-content\/uploads\/Schwandt_Waldner-1.jpg?resize=150%2C84&amp;ssl=1 150w, https:\/\/i0.wp.com\/www.svzweckel.de\/wp-content\/uploads\/Schwandt_Waldner-1.jpg?resize=768%2C432&amp;ssl=1 768w, https:\/\/i0.wp.com\/www.svzweckel.de\/wp-content\/uploads\/Schwandt_Waldner-1.jpg?resize=640%2C360&amp;ssl=1 640w, https:\/\/i0.wp.com\/www.svzweckel.de\/wp-content\/uploads\/Schwandt_Waldner-1.jpg?resize=100%2C56&amp;ssl=1 100w, https:\/\/i0.wp.com\/www.svzweckel.de\/wp-content\/uploads\/Schwandt_Waldner-1.jpg?resize=50%2C28&amp;ssl=1 50w, https:\/\/i0.wp.com\/www.svzweckel.de\/wp-content\/uploads\/Schwandt_Waldner-1.jpg?resize=25%2C14&amp;ssl=1 25w, https:\/\/i0.wp.com\/www.svzweckel.de\/wp-content\/uploads\/Schwandt_Waldner-1.jpg?resize=569%2C320&amp;ssl=1 569w, https:\/\/i0.wp.com\/www.svzweckel.de\/wp-content\/uploads\/Schwandt_Waldner-1.jpg?resize=160%2C90&amp;ssl=1 160w, https:\/\/i0.wp.com\/www.svzweckel.de\/wp-content\/uploads\/Schwandt_Waldner-1.jpg?w=1197&amp;ssl=1 1197w\" sizes=\"auto, (max-width: 640px) 100vw, 640px\" \/><\/figure>\n\n\n\n<p>Der Offensivspezialist Justin Tyler Schwandt (im Bild links) geht mit seinen 20 Jahren ins zweite Seniorenjahr beim SV Zweckel. Nach einer ersten Eingew\u00f6hnungszeit im Seniorenbereich k\u00f6nnen die Zweckeler Verantwortlichen und Anh\u00e4nger noch viel vom technisch versierten und schnellen Angreifer erwarten.<\/p>\n\n\n\n<p>Der 25j\u00e4hrige Sebastian &#8222;Pillo&#8220; Waldner geh\u00f6rt mittlerweile zum &#8222;Inventar&#8220; des Bezirksligisten, denn er geht in der kommenden Spielzeit in seine sechste Saison bei den Schwarz-Gr\u00fcnen. In der laufenden Saison hat der Offensivmann f\u00fcnf Tore erzielt und ebenso viele Assists beigesteuert.<\/p>\n\n\n\n<p>Die Verantwortlichen des SV Zweckel freuen sich \u00fcber die Verl\u00e4ngerungen, die den eingeschlagenen Weg des Vereins deutlich machen, juge Spieler zu entwickeln und &#8222;alte&#8220; Zweckeler zu halten.<\/p>\n","protected":false},"excerpt":{"rendered":"<p>Die sportliche Leitung des SV Zweckel hat sich mit vier weiteren Spielern des SV Zweckel auf ein weiteres Engagement geeinigt. Marlon Boris (im Beitragsbild links) geh\u00f6rt mit seinen 22 Jahren schon zum langj\u00e4hrigen Stamm der ersten Mannschaft und der Verein freut sich, dass das &#8222;Eigengew\u00e4chs&#8220; auch im kommenden Jahr seine Fu\u00dfballschuhe f\u00fcr die Schwarz-Gr\u00fcnen schn\u00fcrt. [&hellip;]<\/p>\n","protected":false},"author":3,"featured_media":17845,"comment_status":"open","ping_status":"closed","sticky":false,"template":"","format":"standard","meta":{"_jetpack_memberships_contains_paid_content":false,"footnotes":"","jetpack_publicize_message":"","jetpack_publicize_feature_enabled":true,"jetpack_social_post_already_shared":true,"jetpack_social_options":{"image_generator_settings":{"template":"highway","default_image_id":0,"font":"","enabled":false},"version":2}},"categories":[3],"tags":[],"class_list":["post-17844","post","type-post","status-publish","format-standard","has-post-thumbnail","hentry","category-allgemein"],"jetpack_publicize_connections":[],"jetpack_featured_media_url":"https:\/\/i0.wp.com\/www.svzweckel.de\/wp-content\/uploads\/Boris_Rushiti.jpg?fit=1197%2C673&ssl=1","jetpack_sharing_enabled":true,"_links":{"self":[{"href":"https:\/\/www.svzweckel.de\/index.php?rest_route=\/wp\/v2\/posts\/17844","targetHints":{"allow":["GET"]}}],"collection":[{"href":"https:\/\/www.svzweckel.de\/index.php?rest_route=\/wp\/v2\/posts"}],"about":[{"href":"https:\/\/www.svzweckel.de\/index.php?rest_route=\/wp\/v2\/types\/post"}],"author":[{"embeddable":true,"href":"https:\/\/www.svzweckel.de\/index.php?rest_route=\/wp\/v2\/users\/3"}],"replies":[{"embeddable":true,"href":"https:\/\/www.svzweckel.de\/index.php?rest_route=%2Fwp%2Fv2%2Fcomments&post=17844"}],"version-history":[{"count":2,"href":"https:\/\/www.svzweckel.de\/index.php?rest_route=\/wp\/v2\/posts\/17844\/revisions"}],"predecessor-version":[{"id":17849,"href":"https:\/\/www.svzweckel.de\/index.php?rest_route=\/wp\/v2\/posts\/17844\/revisions\/17849"}],"wp:featuredmedia":[{"embeddable":true,"href":"https:\/\/www.svzweckel.de\/index.php?rest_route=\/wp\/v2\/media\/17845"}],"wp:attachment":[{"href":"https:\/\/www.svzweckel.de\/index.php?rest_route=%2Fwp%2Fv2%2Fmedia&parent=17844"}],"wp:term":[{"taxonomy":"category","embeddable":true,"href":"https:\/\/www.svzweckel.de\/index.php?rest_route=%2Fwp%2Fv2%2Fcategories&post=17844"},{"taxonomy":"post_tag","embeddable":true,"href":"https:\/\/www.svzweckel.de\/index.php?rest_route=%2Fwp%2Fv2%2Ftags&post=17844"}],"curies":[{"name":"wp","href":"https:\/\/api.w.org\/{rel}","templated":true}]}}