{"id":17850,"date":"2025-03-07T12:57:05","date_gmt":"2025-03-07T11:57:05","guid":{"rendered":"https:\/\/www.svzweckel.de\/?p=17850"},"modified":"2025-03-07T12:57:07","modified_gmt":"2025-03-07T11:57:07","slug":"schwere-aufgabe-in-horst","status":"publish","type":"post","link":"https:\/\/www.svzweckel.de\/?p=17850","title":{"rendered":"Schwere Aufgabe in Horst"},"content":{"rendered":"\n<p>09.03.25, 15:15 Uhr: SV Horst-Emscher &#8211; SV Zweckel<\/p>\n\n\n\n<p>Nach den verpatzten Auftaktspielen in Hessler und zu Hause gegen Herne sind die Zweckeler unn\u00f6tiger Weise wieder mitten im Abstiegsstrudel. <\/p>\n\n\n\n<p>Am Sonntag wollen die Schwarz-Gr\u00fcnen die knappe  Hinspielniederlage ausmerzen und mit etwas Z\u00e4hlbarem an die Dorstener Stra\u00dfe zur\u00fcckkehren. Das wird allerdings ein schwieriges Unterfangen, denn die Horster haben den Aufstieg immer noch nicht ganz abgeschrieben und d\u00fcrfen sich keinen weiteren Ausrutscher erlauben. <\/p>\n\n\n\n<p>Mit einen knappen 1:0-Sieg ist der Tabellenviert in die R\u00fcckrunde gestartet und hat am letzten Spieltag vor zwei Wochen eine knappe Niederlage beim Tabellenzweiten BV Herne-S\u00fcd hinnehmen m\u00fcssen. <\/p>\n\n\n\n<p>Die Zweckeler sind nur noch zwei  Punkte vom ersten Abstiegsplatz entfernt und m\u00fcssen langsam wieder in die Spur kommen, zumal in den folgenden zwei Partien mit Firtinaspor Herne und dem BV  Rentfort gegen zwei Manschaften gespielt wird, die derzeit die Abstiegsr\u00e4nge belegen.<\/p>\n\n\n\n<p>Am Sonntag muss der SV Zweckel auf Marlon Boris, Leon Heckmann und Jan Schwers verzichten, die allesamt eine &#8222;Gelbsperre&#8220; absitzen m\u00fcssen. Marcel Heidenreich ist auf Grund seiner roten Karte in Hessler noch gesperrt und hinter dem Einsatz seines Bruders Moritz steht aus  Krankheitsgr\u00fcnden noch ein Fragezeichen.<\/p>\n\n\n\n<p>Der gro\u00dfe und ausgeglichene Kader des SV Zweckel sorgt daf\u00fcr, dass Fehlen dieser Spieler kompensiert werden kann. Dann m\u00fcsssen andere, auch j\u00fcgere Spieler, in die Bresche springen und gegen die favorisierten Horster alles geben, um erfolgreich zu sein.<\/p>\n","protected":false},"excerpt":{"rendered":"<p>09.03.25, 15:15 Uhr: SV Horst-Emscher &#8211; SV Zweckel Nach den verpatzten Auftaktspielen in Hessler und zu Hause gegen Herne sind die Zweckeler unn\u00f6tiger Weise wieder mitten im Abstiegsstrudel. Am Sonntag wollen die Schwarz-Gr\u00fcnen die knappe Hinspielniederlage ausmerzen und mit etwas Z\u00e4hlbarem an die Dorstener Stra\u00dfe zur\u00fcckkehren. Das wird allerdings ein schwieriges Unterfangen, denn die Horster [&hellip;]<\/p>\n","protected":false},"author":3,"featured_media":17843,"comment_status":"open","ping_status":"closed","sticky":false,"template":"","format":"standard","meta":{"_jetpack_memberships_contains_paid_content":false,"footnotes":"","jetpack_publicize_message":"","jetpack_publicize_feature_enabled":true,"jetpack_social_post_already_shared":true,"jetpack_social_options":{"image_generator_settings":{"template":"highway","default_image_id":0,"font":"","enabled":false},"version":2}},"categories":[3],"tags":[],"class_list":["post-17850","post","type-post","status-publish","format-standard","has-post-thumbnail","hentry","category-allgemein"],"jetpack_publicize_connections":[],"jetpack_featured_media_url":"https:\/\/i0.wp.com\/www.svzweckel.de\/wp-content\/uploads\/wp-1741298827368477941113949444737.jpg?fit=2000%2C1125&ssl=1","jetpack_sharing_enabled":true,"_links":{"self":[{"href":"https:\/\/www.svzweckel.de\/index.php?rest_route=\/wp\/v2\/posts\/17850","targetHints":{"allow":["GET"]}}],"collection":[{"href":"https:\/\/www.svzweckel.de\/index.php?rest_route=\/wp\/v2\/posts"}],"about":[{"href":"https:\/\/www.svzweckel.de\/index.php?rest_route=\/wp\/v2\/types\/post"}],"author":[{"embeddable":true,"href":"https:\/\/www.svzweckel.de\/index.php?rest_route=\/wp\/v2\/users\/3"}],"replies":[{"embeddable":true,"href":"https:\/\/www.svzweckel.de\/index.php?rest_route=%2Fwp%2Fv2%2Fcomments&post=17850"}],"version-history":[{"count":1,"href":"https:\/\/www.svzweckel.de\/index.php?rest_route=\/wp\/v2\/posts\/17850\/revisions"}],"predecessor-version":[{"id":17851,"href":"https:\/\/www.svzweckel.de\/index.php?rest_route=\/wp\/v2\/posts\/17850\/revisions\/17851"}],"wp:featuredmedia":[{"embeddable":true,"href":"https:\/\/www.svzweckel.de\/index.php?rest_route=\/wp\/v2\/media\/17843"}],"wp:attachment":[{"href":"https:\/\/www.svzweckel.de\/index.php?rest_route=%2Fwp%2Fv2%2Fmedia&parent=17850"}],"wp:term":[{"taxonomy":"category","embeddable":true,"href":"https:\/\/www.svzweckel.de\/index.php?rest_route=%2Fwp%2Fv2%2Fcategories&post=17850"},{"taxonomy":"post_tag","embeddable":true,"href":"https:\/\/www.svzweckel.de\/index.php?rest_route=%2Fwp%2Fv2%2Ftags&post=17850"}],"curies":[{"name":"wp","href":"https:\/\/api.w.org\/{rel}","templated":true}]}}