{"id":17855,"date":"2025-03-09T20:49:38","date_gmt":"2025-03-09T19:49:38","guid":{"rendered":"https:\/\/www.svzweckel.de\/?p=17855"},"modified":"2025-03-09T20:49:56","modified_gmt":"2025-03-09T19:49:56","slug":"am-ende-zu-hoch","status":"publish","type":"post","link":"https:\/\/www.svzweckel.de\/?p=17855","title":{"rendered":"Am Ende zu hoch!"},"content":{"rendered":"\n<p>SV Horst-Emscher &#8211; SV Zweckel 4:0 (1:0)<\/p>\n\n\n\n<p>Zum Ende hin wurde es dann leider sehr deutlich auf dem Kunstrasen &#8222;Auf dem Schollbruch&#8220; in Horst. Nach einer guten ersten Halbzeit, in der die G\u00e4ste die agilere und bessere Mannschaft waren, ging der Mannschaft von Marc Bahl in den letzten Minute etwas die Puste und Konzentration aus.<\/p>\n\n\n\n<p>Nach einem mehr als zweifelhaften Freisto\u00df gingen die favorisierten Gastgeber in der 18. Minute \u00fcberraschend in F\u00fchrung. Die G\u00e4ste bestimmten zwar in den ersten 45 Minuten das Spielgeschehen, konnten daraus jedoch mal wieder kein Kapital schlagen. Entweder scheiterten die Angreifer am sehr gut haltendend Horster Keeper oder an der eigenen Abschlussschw\u00e4che.<\/p>\n\n\n\n<p>Die Zweckeler mussten in Horst auf einige Stammkr\u00e4fte (Moritz Heidenreich, Leon Heckmann, Marlon Boris, Kapit\u00e4n Jan Schwers und den mit einer Sperre belegten Marcel Heidenreich) verzichten, kompensierten dies jedoch in der ersten Halbzeit sehr gut.<\/p>\n\n\n\n<p>Nach der Pause erh\u00f6hten die Gastgeber bereits in der 50. Minute auf 2:0 und die Zweckeler konnten Anschauungsunterricht in Sachen Effektivit\u00e4t nehmen. <\/p>\n\n\n\n<p>In den letzten f\u00fcnf Minunte erzielten die Horster noch die Treffer Nummer 3 und 4, wodurch die Niederlage um mindestens diese zwei Tore zu hoch ausfiel.<\/p>\n\n\n\n<p>Am Ende standen wieder einmal 0 Punkte auf der Habenseite und die Zweckeler rutschen weiter ab in Richtung Tabellenkeller.<\/p>\n\n\n\n<p>Die kommenden Wochen werder zeigen, ob sich die Schwarz-Gr\u00fcnen aus dem Schlamassel ziehen k\u00f6nnen. Anfange m\u00fcssen sie damit am kommenden Sonntag gegen den Abstiegskonkurrenten Firtinaspor Herne.<\/p>\n","protected":false},"excerpt":{"rendered":"<p>SV Horst-Emscher &#8211; SV Zweckel 4:0 (1:0) Zum Ende hin wurde es dann leider sehr deutlich auf dem Kunstrasen &#8222;Auf dem Schollbruch&#8220; in Horst. Nach einer guten ersten Halbzeit, in der die G\u00e4ste die agilere und bessere Mannschaft waren, ging der Mannschaft von Marc Bahl in den letzten Minute etwas die Puste und Konzentration aus. [&hellip;]<\/p>\n","protected":false},"author":3,"featured_media":17856,"comment_status":"open","ping_status":"closed","sticky":false,"template":"","format":"standard","meta":{"_jetpack_memberships_contains_paid_content":false,"footnotes":"","jetpack_publicize_message":"","jetpack_publicize_feature_enabled":true,"jetpack_social_post_already_shared":true,"jetpack_social_options":{"image_generator_settings":{"template":"highway","default_image_id":0,"font":"","enabled":false},"version":2}},"categories":[3],"tags":[],"class_list":["post-17855","post","type-post","status-publish","format-standard","has-post-thumbnail","hentry","category-allgemein"],"jetpack_publicize_connections":[],"jetpack_featured_media_url":"https:\/\/i0.wp.com\/www.svzweckel.de\/wp-content\/uploads\/Horst.jpg?fit=1148%2C646&ssl=1","jetpack_sharing_enabled":true,"_links":{"self":[{"href":"https:\/\/www.svzweckel.de\/index.php?rest_route=\/wp\/v2\/posts\/17855","targetHints":{"allow":["GET"]}}],"collection":[{"href":"https:\/\/www.svzweckel.de\/index.php?rest_route=\/wp\/v2\/posts"}],"about":[{"href":"https:\/\/www.svzweckel.de\/index.php?rest_route=\/wp\/v2\/types\/post"}],"author":[{"embeddable":true,"href":"https:\/\/www.svzweckel.de\/index.php?rest_route=\/wp\/v2\/users\/3"}],"replies":[{"embeddable":true,"href":"https:\/\/www.svzweckel.de\/index.php?rest_route=%2Fwp%2Fv2%2Fcomments&post=17855"}],"version-history":[{"count":4,"href":"https:\/\/www.svzweckel.de\/index.php?rest_route=\/wp\/v2\/posts\/17855\/revisions"}],"predecessor-version":[{"id":17860,"href":"https:\/\/www.svzweckel.de\/index.php?rest_route=\/wp\/v2\/posts\/17855\/revisions\/17860"}],"wp:featuredmedia":[{"embeddable":true,"href":"https:\/\/www.svzweckel.de\/index.php?rest_route=\/wp\/v2\/media\/17856"}],"wp:attachment":[{"href":"https:\/\/www.svzweckel.de\/index.php?rest_route=%2Fwp%2Fv2%2Fmedia&parent=17855"}],"wp:term":[{"taxonomy":"category","embeddable":true,"href":"https:\/\/www.svzweckel.de\/index.php?rest_route=%2Fwp%2Fv2%2Fcategories&post=17855"},{"taxonomy":"post_tag","embeddable":true,"href":"https:\/\/www.svzweckel.de\/index.php?rest_route=%2Fwp%2Fv2%2Ftags&post=17855"}],"curies":[{"name":"wp","href":"https:\/\/api.w.org\/{rel}","templated":true}]}}