{"id":17865,"date":"2025-03-10T13:35:49","date_gmt":"2025-03-10T12:35:49","guid":{"rendered":"https:\/\/www.svzweckel.de\/?p=17865"},"modified":"2025-03-10T13:35:51","modified_gmt":"2025-03-10T12:35:51","slug":"schiedsrichterlehrgang","status":"publish","type":"post","link":"https:\/\/www.svzweckel.de\/?p=17865","title":{"rendered":"Schiedsrichterlehrgang"},"content":{"rendered":"\n<p>Der Kreis Gelsenkirchen bildet wieder Schiedsrichter aus. Solltet Ihr Interesse haben, wendet Euch bitte an den Vorstand oder Jugendvorstand des SV Zweckel oder meldet Euch unter info@svzweckel.de. Jede fu\u00dfballinteressierte Person ab 12 Jahren, ob aktiver Spieler oder nicht, kann sich melden und sein Interesse bekunden.<\/p>\n\n\n\n<p>Nat\u00fcrlich k\u00f6nnt Ihr Euch auch direkt an den Kreis Gelsenkirchen wenden und Euch bei<\/p>\n\n\n\n<p>Lars Sieleman<br \/>Telefon: 0172-7592425<br \/>E-Mail: <a href=\"mailto:l.sielemann@gmail.com\">l.sielemann@gmail.com<\/a><\/p>\n\n\n\n<p>melden.<br \/><br \/><strong>Termine:<\/strong><\/p>\n\n\n\n<ul class=\"wp-block-list\">\n<li>Donnerstag, 20. M\u00e4rz, 18:00-21:30 Uhr<\/li>\n\n\n\n<li>Samstag, 22. M\u00e4rz, 10:00 Uhr Laufpr\u00fcfung<\/li>\n\n\n\n<li>Montag, 24. M\u00e4rz, 18:00-21:00 Uhr<\/li>\n\n\n\n<li>Donnerstag, 27. M\u00e4rz, 18:00-21:30 Uhr<\/li>\n\n\n\n<li>Freitag, 28. M\u00e4rz, 18:00-21:30 Uhr<\/li>\n\n\n\n<li>Montag, 31. M\u00e4rz, 18:00-21:30 Uhr<\/li>\n\n\n\n<li>Donnerstag, 03. April, 18:00-21:00 Uhr<\/li>\n\n\n\n<li>Samstag, 05. April, 10:00 Uhr Theoriepr\u00fcfung<\/li>\n<\/ul>\n\n\n\n<p>Der Lehrgang findet in den Stauder-Stuben am Sportzentrum Sch\u00fcrenkamp statt. Alle Daten sind noch einmal dem <a href=\"https:\/\/www.dfbnet.org\/coach\/FLVW\/goto\/education\/offers\/details\/0123456789ABCDEF0123456700004130\/02SBSC273C000000VS5489B7VUPRD0DF\">Anmeldelink <\/a>entnehmbar.<\/p>\n\n\n\n<p><\/p>\n","protected":false},"excerpt":{"rendered":"<p>Der Kreis Gelsenkirchen bildet wieder Schiedsrichter aus. Solltet Ihr Interesse haben, wendet Euch bitte an den Vorstand oder Jugendvorstand des SV Zweckel oder meldet Euch unter info@svzweckel.de. Jede fu\u00dfballinteressierte Person ab 12 Jahren, ob aktiver Spieler oder nicht, kann sich melden und sein Interesse bekunden. Nat\u00fcrlich k\u00f6nnt Ihr Euch auch direkt an den Kreis Gelsenkirchen [&hellip;]<\/p>\n","protected":false},"author":3,"featured_media":17867,"comment_status":"open","ping_status":"closed","sticky":false,"template":"","format":"standard","meta":{"_jetpack_memberships_contains_paid_content":false,"footnotes":"","jetpack_publicize_message":"","jetpack_publicize_feature_enabled":true,"jetpack_social_post_already_shared":true,"jetpack_social_options":{"image_generator_settings":{"template":"highway","default_image_id":0,"font":"","enabled":false},"version":2}},"categories":[3],"tags":[],"class_list":["post-17865","post","type-post","status-publish","format-standard","has-post-thumbnail","hentry","category-allgemein"],"jetpack_publicize_connections":[],"jetpack_featured_media_url":"https:\/\/i0.wp.com\/www.svzweckel.de\/wp-content\/uploads\/gelsenkirchen_16zu9-1698700753.jpg?fit=1024%2C576&ssl=1","jetpack_sharing_enabled":true,"_links":{"self":[{"href":"https:\/\/www.svzweckel.de\/index.php?rest_route=\/wp\/v2\/posts\/17865","targetHints":{"allow":["GET"]}}],"collection":[{"href":"https:\/\/www.svzweckel.de\/index.php?rest_route=\/wp\/v2\/posts"}],"about":[{"href":"https:\/\/www.svzweckel.de\/index.php?rest_route=\/wp\/v2\/types\/post"}],"author":[{"embeddable":true,"href":"https:\/\/www.svzweckel.de\/index.php?rest_route=\/wp\/v2\/users\/3"}],"replies":[{"embeddable":true,"href":"https:\/\/www.svzweckel.de\/index.php?rest_route=%2Fwp%2Fv2%2Fcomments&post=17865"}],"version-history":[{"count":2,"href":"https:\/\/www.svzweckel.de\/index.php?rest_route=\/wp\/v2\/posts\/17865\/revisions"}],"predecessor-version":[{"id":17868,"href":"https:\/\/www.svzweckel.de\/index.php?rest_route=\/wp\/v2\/posts\/17865\/revisions\/17868"}],"wp:featuredmedia":[{"embeddable":true,"href":"https:\/\/www.svzweckel.de\/index.php?rest_route=\/wp\/v2\/media\/17867"}],"wp:attachment":[{"href":"https:\/\/www.svzweckel.de\/index.php?rest_route=%2Fwp%2Fv2%2Fmedia&parent=17865"}],"wp:term":[{"taxonomy":"category","embeddable":true,"href":"https:\/\/www.svzweckel.de\/index.php?rest_route=%2Fwp%2Fv2%2Fcategories&post=17865"},{"taxonomy":"post_tag","embeddable":true,"href":"https:\/\/www.svzweckel.de\/index.php?rest_route=%2Fwp%2Fv2%2Ftags&post=17865"}],"curies":[{"name":"wp","href":"https:\/\/api.w.org\/{rel}","templated":true}]}}