{"id":17873,"date":"2025-03-14T17:18:08","date_gmt":"2025-03-14T16:18:08","guid":{"rendered":"https:\/\/www.svzweckel.de\/?p=17873"},"modified":"2025-03-14T17:18:10","modified_gmt":"2025-03-14T16:18:10","slug":"abstiegskampf-beginnt","status":"publish","type":"post","link":"https:\/\/www.svzweckel.de\/?p=17873","title":{"rendered":"Abstiegskampf beginnt!"},"content":{"rendered":"\n<p>Sonntag, 16.03.25, 15:00 Uhr: SV Zweckel &#8211; Firtinaspor Herne<\/p>\n\n\n\n<p>Am Sonntag gilt es f\u00fcr die 1. Mannschaft des SV Zweckel! Nach drei Niederlagen in Serie sind die Schwarz-Gr\u00fcnen wieder bedrohlich nahe an die Abstiegszone heranger\u00fcckt. \u00c4hnlich ergeht es dem sonnt\u00e4glichen Gegner aus Herne, der in den ersten drei Spielen nach der Winterpause ebenfalls drei Niederlagen eingefahren hat. <br \/>Die G\u00e4ste haben sich vor drei Wochen von ihrem Trainer getrennt und hoffen dadurch auf neuen Schwung und bessere Ergebnisse, die sich allerdings bisher auch nicht eingestellt haben.<\/p>\n\n\n\n<p>Beim SV Zweckel, der am vergangenen Sonntag beim Favoriten in Horst einen engagierten Auftritt hingelegt hatte, kehren wieder einige Optionen in die Aufstellung zur\u00fcck. Insbesondere der Zweckeler Kapit\u00e4n Jan Schwers wurde schmerzlich vermisst, denn trotz hervorragander Chancen hapert es beim SV Zweckel immer wieder am Torerfolg.<\/p>\n\n\n\n<p>M\u00f6glicherweise steht auch Moritz Heidenreich, der in Horst erkrankt war, auch wieder zur Verf\u00fcgung. Leon Heckmann und Marlon Boris, die in Horst wegen der f\u00fcnften gelben Karte nicht einsatzf\u00e4hig waren,  d\u00fcrften ebenfalls wieder zum Kader der Ersten sto\u00dfen.<\/p>\n\n\n\n<p>Wie dem auch sei, die Schwarz-Gr\u00fcnen m\u00fcssen am Sonntag auf alle F\u00e4lle punkten, um die auf dem ersten Abstiegsplatz rangierenden Herner auf Abstand zu halten bzw. diesen zu vergr\u00f6\u00dfern. In der darauffolgenden Woche reisen die Zweckeler an die Hegestra\u00dfe zum BV Rentfort und spielen danach zu Hause gegen Waltrop.<\/p>\n\n\n\n<p>Die junge Zweckeler Mannschaft w\u00fcrde sich \u00fcber zahlreiche Unterst\u00fctzung beim Spiel am Sonntag freuen und wird alles in die Waagschale werfen, um drei Z\u00e4hler in Zweckel zu behalten. <\/p>\n","protected":false},"excerpt":{"rendered":"<p>Sonntag, 16.03.25, 15:00 Uhr: SV Zweckel &#8211; Firtinaspor Herne Am Sonntag gilt es f\u00fcr die 1. Mannschaft des SV Zweckel! Nach drei Niederlagen in Serie sind die Schwarz-Gr\u00fcnen wieder bedrohlich nahe an die Abstiegszone heranger\u00fcckt. \u00c4hnlich ergeht es dem sonnt\u00e4glichen Gegner aus Herne, der in den ersten drei Spielen nach der Winterpause ebenfalls drei Niederlagen [&hellip;]<\/p>\n","protected":false},"author":3,"featured_media":17874,"comment_status":"open","ping_status":"closed","sticky":false,"template":"","format":"standard","meta":{"_jetpack_memberships_contains_paid_content":false,"footnotes":"","jetpack_publicize_message":"","jetpack_publicize_feature_enabled":true,"jetpack_social_post_already_shared":true,"jetpack_social_options":{"image_generator_settings":{"template":"highway","default_image_id":0,"font":"","enabled":false},"version":2}},"categories":[3],"tags":[],"class_list":["post-17873","post","type-post","status-publish","format-standard","has-post-thumbnail","hentry","category-allgemein"],"jetpack_publicize_connections":[],"jetpack_featured_media_url":"https:\/\/i0.wp.com\/www.svzweckel.de\/wp-content\/uploads\/wp-17419690557847408207501915141659.jpg?fit=2000%2C1125&ssl=1","jetpack_sharing_enabled":true,"_links":{"self":[{"href":"https:\/\/www.svzweckel.de\/index.php?rest_route=\/wp\/v2\/posts\/17873","targetHints":{"allow":["GET"]}}],"collection":[{"href":"https:\/\/www.svzweckel.de\/index.php?rest_route=\/wp\/v2\/posts"}],"about":[{"href":"https:\/\/www.svzweckel.de\/index.php?rest_route=\/wp\/v2\/types\/post"}],"author":[{"embeddable":true,"href":"https:\/\/www.svzweckel.de\/index.php?rest_route=\/wp\/v2\/users\/3"}],"replies":[{"embeddable":true,"href":"https:\/\/www.svzweckel.de\/index.php?rest_route=%2Fwp%2Fv2%2Fcomments&post=17873"}],"version-history":[{"count":1,"href":"https:\/\/www.svzweckel.de\/index.php?rest_route=\/wp\/v2\/posts\/17873\/revisions"}],"predecessor-version":[{"id":17875,"href":"https:\/\/www.svzweckel.de\/index.php?rest_route=\/wp\/v2\/posts\/17873\/revisions\/17875"}],"wp:featuredmedia":[{"embeddable":true,"href":"https:\/\/www.svzweckel.de\/index.php?rest_route=\/wp\/v2\/media\/17874"}],"wp:attachment":[{"href":"https:\/\/www.svzweckel.de\/index.php?rest_route=%2Fwp%2Fv2%2Fmedia&parent=17873"}],"wp:term":[{"taxonomy":"category","embeddable":true,"href":"https:\/\/www.svzweckel.de\/index.php?rest_route=%2Fwp%2Fv2%2Fcategories&post=17873"},{"taxonomy":"post_tag","embeddable":true,"href":"https:\/\/www.svzweckel.de\/index.php?rest_route=%2Fwp%2Fv2%2Ftags&post=17873"}],"curies":[{"name":"wp","href":"https:\/\/api.w.org\/{rel}","templated":true}]}}