{"id":17877,"date":"2025-03-16T20:33:34","date_gmt":"2025-03-16T19:33:34","guid":{"rendered":"https:\/\/www.svzweckel.de\/?p=17877"},"modified":"2025-03-17T10:44:56","modified_gmt":"2025-03-17T09:44:56","slug":"trainerlehrgang-in-zweckel","status":"publish","type":"post","link":"https:\/\/www.svzweckel.de\/?p=17877","title":{"rendered":"Trainerlehrgang in Zweckel"},"content":{"rendered":"\n<p>Neun Zweckeler Jungs am Start<\/p>\n\n\n\n<p>Im Rahmen der Ausbildung zum Erwerb des Kindertrainerzertifikats waren am letzten Freitag 21 M\u00e4nner und Frauen in der Uli-Simon-Arena zu Gast. In der durch die Jugendabteilung auf Initiative von Jungendleiter Markus Ptok umgebauten &#8222;Stauder-Lounge&#8220; brachte S\u00f6ren Sch\u00fcrer (Qualifizierungs-Koordinator) den angehenden Trainern theoretisches Wissen bei, eh es dann auf das neue Zweckeler Gel\u00e4uf ging. Die Stauder-Lounge ist mit dem gleichen Kunstrasen ausgelegt, wie der Platz.<\/p>\n\n\n\n<p>Die neugestaltete Stauder-Lounge steht ab sofort internen Veranstaltungen, aber auch Lehrg\u00e4ngen des Fussballkreises 12, zur Verf\u00fcgung und ist eine &#8222;hervorragende Erg\u00e4nzung zum bestehenden Angebot&#8220;, wie Zweckel Chef Uli Wloch auf der Jahreshauptversammlung ausf\u00fchrte. <\/p>\n\n\n\n<figure class=\"wp-block-image size-large\"><img data-recalc-dims=\"1\" loading=\"lazy\" decoding=\"async\" width=\"600\" height=\"800\" src=\"https:\/\/i0.wp.com\/www.svzweckel.de\/wp-content\/uploads\/122-1.jpg?resize=600%2C800&#038;ssl=1\" alt=\"\" class=\"wp-image-17880\" srcset=\"https:\/\/i0.wp.com\/www.svzweckel.de\/wp-content\/uploads\/122-1.jpg?resize=600%2C800&amp;ssl=1 600w, https:\/\/i0.wp.com\/www.svzweckel.de\/wp-content\/uploads\/122-1.jpg?resize=225%2C300&amp;ssl=1 225w, https:\/\/i0.wp.com\/www.svzweckel.de\/wp-content\/uploads\/122-1.jpg?resize=113%2C150&amp;ssl=1 113w, https:\/\/i0.wp.com\/www.svzweckel.de\/wp-content\/uploads\/122-1.jpg?resize=768%2C1024&amp;ssl=1 768w, https:\/\/i0.wp.com\/www.svzweckel.de\/wp-content\/uploads\/122-1.jpg?resize=1152%2C1536&amp;ssl=1 1152w, https:\/\/i0.wp.com\/www.svzweckel.de\/wp-content\/uploads\/122-1.jpg?resize=150%2C200&amp;ssl=1 150w, https:\/\/i0.wp.com\/www.svzweckel.de\/wp-content\/uploads\/122-1.jpg?resize=75%2C100&amp;ssl=1 75w, https:\/\/i0.wp.com\/www.svzweckel.de\/wp-content\/uploads\/122-1.jpg?resize=38%2C50&amp;ssl=1 38w, https:\/\/i0.wp.com\/www.svzweckel.de\/wp-content\/uploads\/122-1.jpg?resize=19%2C25&amp;ssl=1 19w, https:\/\/i0.wp.com\/www.svzweckel.de\/wp-content\/uploads\/122-1.jpg?resize=240%2C320&amp;ssl=1 240w, https:\/\/i0.wp.com\/www.svzweckel.de\/wp-content\/uploads\/122-1.jpg?resize=90%2C120&amp;ssl=1 90w, https:\/\/i0.wp.com\/www.svzweckel.de\/wp-content\/uploads\/122-1.jpg?w=1500&amp;ssl=1 1500w, https:\/\/i0.wp.com\/www.svzweckel.de\/wp-content\/uploads\/122-1.jpg?w=1280&amp;ssl=1 1280w\" sizes=\"auto, (max-width: 600px) 100vw, 600px\" \/><\/figure>\n\n\n\n<p>Wer sind wir? SV Zweckel!<\/p>\n\n\n\n<p><\/p>\n","protected":false},"excerpt":{"rendered":"<p>Neun Zweckeler Jungs am Start Im Rahmen der Ausbildung zum Erwerb des Kindertrainerzertifikats waren am letzten Freitag 21 M\u00e4nner und Frauen in der Uli-Simon-Arena zu Gast. In der durch die Jugendabteilung auf Initiative von Jungendleiter Markus Ptok umgebauten &#8222;Stauder-Lounge&#8220; brachte S\u00f6ren Sch\u00fcrer (Qualifizierungs-Koordinator) den angehenden Trainern theoretisches Wissen bei, eh es dann auf das neue [&hellip;]<\/p>\n","protected":false},"author":28,"featured_media":17879,"comment_status":"open","ping_status":"closed","sticky":false,"template":"","format":"standard","meta":{"_jetpack_memberships_contains_paid_content":false,"footnotes":"","jetpack_publicize_message":"","jetpack_publicize_feature_enabled":true,"jetpack_social_post_already_shared":true,"jetpack_social_options":{"image_generator_settings":{"template":"highway","default_image_id":0,"font":"","enabled":false},"version":2}},"categories":[3,32],"tags":[],"class_list":["post-17877","post","type-post","status-publish","format-standard","has-post-thumbnail","hentry","category-allgemein","category-verein"],"jetpack_publicize_connections":[],"jetpack_featured_media_url":"https:\/\/i0.wp.com\/www.svzweckel.de\/wp-content\/uploads\/123.jpg?fit=2000%2C1500&ssl=1","jetpack_sharing_enabled":true,"_links":{"self":[{"href":"https:\/\/www.svzweckel.de\/index.php?rest_route=\/wp\/v2\/posts\/17877","targetHints":{"allow":["GET"]}}],"collection":[{"href":"https:\/\/www.svzweckel.de\/index.php?rest_route=\/wp\/v2\/posts"}],"about":[{"href":"https:\/\/www.svzweckel.de\/index.php?rest_route=\/wp\/v2\/types\/post"}],"author":[{"embeddable":true,"href":"https:\/\/www.svzweckel.de\/index.php?rest_route=\/wp\/v2\/users\/28"}],"replies":[{"embeddable":true,"href":"https:\/\/www.svzweckel.de\/index.php?rest_route=%2Fwp%2Fv2%2Fcomments&post=17877"}],"version-history":[{"count":3,"href":"https:\/\/www.svzweckel.de\/index.php?rest_route=\/wp\/v2\/posts\/17877\/revisions"}],"predecessor-version":[{"id":17883,"href":"https:\/\/www.svzweckel.de\/index.php?rest_route=\/wp\/v2\/posts\/17877\/revisions\/17883"}],"wp:featuredmedia":[{"embeddable":true,"href":"https:\/\/www.svzweckel.de\/index.php?rest_route=\/wp\/v2\/media\/17879"}],"wp:attachment":[{"href":"https:\/\/www.svzweckel.de\/index.php?rest_route=%2Fwp%2Fv2%2Fmedia&parent=17877"}],"wp:term":[{"taxonomy":"category","embeddable":true,"href":"https:\/\/www.svzweckel.de\/index.php?rest_route=%2Fwp%2Fv2%2Fcategories&post=17877"},{"taxonomy":"post_tag","embeddable":true,"href":"https:\/\/www.svzweckel.de\/index.php?rest_route=%2Fwp%2Fv2%2Ftags&post=17877"}],"curies":[{"name":"wp","href":"https:\/\/api.w.org\/{rel}","templated":true}]}}