{"id":17892,"date":"2025-03-17T16:26:25","date_gmt":"2025-03-17T15:26:25","guid":{"rendered":"https:\/\/www.svzweckel.de\/?p=17892"},"modified":"2025-03-17T16:26:25","modified_gmt":"2025-03-17T15:26:25","slug":"triff-die-buergermeisterin-am-25-maerz-um-1700-uhr-beim-sv-zweckel","status":"publish","type":"post","link":"https:\/\/www.svzweckel.de\/?p=17892","title":{"rendered":"Triff die B\u00fcrgermeisterin am 25. M\u00e4rz um 17:00 Uhr beim SV Zweckel"},"content":{"rendered":"\n<p>Das Dialogangebot &#8222;Triff die B\u00fcrgermeisterin\u201c macht am 25. M\u00e4rz und 17 Uhr im Vereinsheim des SV Zweckel Halt: <\/p>\n\n\n\n<figure class=\"wp-block-image size-large\"><img data-recalc-dims=\"1\" loading=\"lazy\" decoding=\"async\" width=\"640\" height=\"640\" src=\"https:\/\/i0.wp.com\/www.svzweckel.de\/wp-content\/uploads\/AMT01_Triff_die_Buergermeisterin_2025-Zweckel_GRID.jpg?resize=640%2C640&#038;ssl=1\" alt=\"\" class=\"wp-image-17893\" srcset=\"https:\/\/i0.wp.com\/www.svzweckel.de\/wp-content\/uploads\/AMT01_Triff_die_Buergermeisterin_2025-Zweckel_GRID.jpg?resize=800%2C800&amp;ssl=1 800w, https:\/\/i0.wp.com\/www.svzweckel.de\/wp-content\/uploads\/AMT01_Triff_die_Buergermeisterin_2025-Zweckel_GRID.jpg?resize=300%2C300&amp;ssl=1 300w, https:\/\/i0.wp.com\/www.svzweckel.de\/wp-content\/uploads\/AMT01_Triff_die_Buergermeisterin_2025-Zweckel_GRID.jpg?resize=150%2C150&amp;ssl=1 150w, https:\/\/i0.wp.com\/www.svzweckel.de\/wp-content\/uploads\/AMT01_Triff_die_Buergermeisterin_2025-Zweckel_GRID.jpg?resize=768%2C768&amp;ssl=1 768w, https:\/\/i0.wp.com\/www.svzweckel.de\/wp-content\/uploads\/AMT01_Triff_die_Buergermeisterin_2025-Zweckel_GRID.jpg?resize=584%2C584&amp;ssl=1 584w, https:\/\/i0.wp.com\/www.svzweckel.de\/wp-content\/uploads\/AMT01_Triff_die_Buergermeisterin_2025-Zweckel_GRID.jpg?resize=288%2C288&amp;ssl=1 288w, https:\/\/i0.wp.com\/www.svzweckel.de\/wp-content\/uploads\/AMT01_Triff_die_Buergermeisterin_2025-Zweckel_GRID.jpg?resize=100%2C100&amp;ssl=1 100w, https:\/\/i0.wp.com\/www.svzweckel.de\/wp-content\/uploads\/AMT01_Triff_die_Buergermeisterin_2025-Zweckel_GRID.jpg?resize=50%2C50&amp;ssl=1 50w, https:\/\/i0.wp.com\/www.svzweckel.de\/wp-content\/uploads\/AMT01_Triff_die_Buergermeisterin_2025-Zweckel_GRID.jpg?resize=25%2C25&amp;ssl=1 25w, https:\/\/i0.wp.com\/www.svzweckel.de\/wp-content\/uploads\/AMT01_Triff_die_Buergermeisterin_2025-Zweckel_GRID.jpg?resize=600%2C600&amp;ssl=1 600w, https:\/\/i0.wp.com\/www.svzweckel.de\/wp-content\/uploads\/AMT01_Triff_die_Buergermeisterin_2025-Zweckel_GRID.jpg?resize=320%2C320&amp;ssl=1 320w, https:\/\/i0.wp.com\/www.svzweckel.de\/wp-content\/uploads\/AMT01_Triff_die_Buergermeisterin_2025-Zweckel_GRID.jpg?resize=120%2C120&amp;ssl=1 120w, https:\/\/i0.wp.com\/www.svzweckel.de\/wp-content\/uploads\/AMT01_Triff_die_Buergermeisterin_2025-Zweckel_GRID.jpg?w=1080&amp;ssl=1 1080w\" sizes=\"auto, (max-width: 640px) 100vw, 640px\" \/><\/figure>\n\n\n\n<p><\/p>\n\n\n\n<p>Alle interessierten Zweckeler B\u00fcrgerinnen und B\u00fcrger haben die Gelegenheit, mit der B\u00fcrgermeisterin Bettina Weist in einen Dialog zu treten und dabei Anregungen aber auch Sorgen und N\u00f6te direkt an die Verwaltungsspitze zu formulieren. <\/p>\n","protected":false},"excerpt":{"rendered":"<p>Das Dialogangebot &#8222;Triff die B\u00fcrgermeisterin\u201c macht am 25. M\u00e4rz und 17 Uhr im Vereinsheim des SV Zweckel Halt: Alle interessierten Zweckeler B\u00fcrgerinnen und B\u00fcrger haben die Gelegenheit, mit der B\u00fcrgermeisterin Bettina Weist in einen Dialog zu treten und dabei Anregungen aber auch Sorgen und N\u00f6te direkt an die Verwaltungsspitze zu formulieren.<\/p>\n","protected":false},"author":3,"featured_media":17895,"comment_status":"open","ping_status":"","sticky":false,"template":"","format":"standard","meta":{"_jetpack_memberships_contains_paid_content":false,"footnotes":"","jetpack_publicize_message":"","jetpack_publicize_feature_enabled":true,"jetpack_social_post_already_shared":true,"jetpack_social_options":{"image_generator_settings":{"template":"highway","default_image_id":0,"font":"","enabled":false},"version":2}},"categories":[3],"tags":[],"class_list":["post-17892","post","type-post","status-publish","format-standard","has-post-thumbnail","hentry","category-allgemein"],"jetpack_publicize_connections":[],"jetpack_featured_media_url":"https:\/\/i0.wp.com\/www.svzweckel.de\/wp-content\/uploads\/BMin-Weist.jpg?fit=1038%2C590&ssl=1","jetpack_sharing_enabled":true,"_links":{"self":[{"href":"https:\/\/www.svzweckel.de\/index.php?rest_route=\/wp\/v2\/posts\/17892","targetHints":{"allow":["GET"]}}],"collection":[{"href":"https:\/\/www.svzweckel.de\/index.php?rest_route=\/wp\/v2\/posts"}],"about":[{"href":"https:\/\/www.svzweckel.de\/index.php?rest_route=\/wp\/v2\/types\/post"}],"author":[{"embeddable":true,"href":"https:\/\/www.svzweckel.de\/index.php?rest_route=\/wp\/v2\/users\/3"}],"replies":[{"embeddable":true,"href":"https:\/\/www.svzweckel.de\/index.php?rest_route=%2Fwp%2Fv2%2Fcomments&post=17892"}],"version-history":[{"count":2,"href":"https:\/\/www.svzweckel.de\/index.php?rest_route=\/wp\/v2\/posts\/17892\/revisions"}],"predecessor-version":[{"id":17896,"href":"https:\/\/www.svzweckel.de\/index.php?rest_route=\/wp\/v2\/posts\/17892\/revisions\/17896"}],"wp:featuredmedia":[{"embeddable":true,"href":"https:\/\/www.svzweckel.de\/index.php?rest_route=\/wp\/v2\/media\/17895"}],"wp:attachment":[{"href":"https:\/\/www.svzweckel.de\/index.php?rest_route=%2Fwp%2Fv2%2Fmedia&parent=17892"}],"wp:term":[{"taxonomy":"category","embeddable":true,"href":"https:\/\/www.svzweckel.de\/index.php?rest_route=%2Fwp%2Fv2%2Fcategories&post=17892"},{"taxonomy":"post_tag","embeddable":true,"href":"https:\/\/www.svzweckel.de\/index.php?rest_route=%2Fwp%2Fv2%2Ftags&post=17892"}],"curies":[{"name":"wp","href":"https:\/\/api.w.org\/{rel}","templated":true}]}}