{"id":17898,"date":"2025-03-19T14:08:07","date_gmt":"2025-03-19T13:08:07","guid":{"rendered":"https:\/\/www.svzweckel.de\/?p=17898"},"modified":"2025-03-19T14:08:07","modified_gmt":"2025-03-19T13:08:07","slug":"derbyzeit-in-rentfort","status":"publish","type":"post","link":"https:\/\/www.svzweckel.de\/?p=17898","title":{"rendered":"Derbyzeit in Rentfort"},"content":{"rendered":"\n<p>Sonntag, 23.03.25, 15:15 Uhr: BV Rentfort &#8211; SV Zweckel<\/p>\n\n\n\n<p>Am kommenden Sonntag steht wieder ein Abstiegskracher an: Der BV Rentfort empf\u00e4ngt die Schwarz-Gr\u00fcnen an der Hegestra\u00dfe! F\u00fcr beide Mannschaften geht es noch um einen m\u00f6glichen Abstieg aus der \u00fcberkreislichen Bezirksliage, wobei die Zweckeler mit 10 Punkten mehr auf der Habenseite ein deutlich bessere Ausgangssituation haben. <\/p>\n\n\n\n<p>Doch mit lediglich 5 Punkten Abstand auf den ersten Abstiegsplatz sind die G\u00e4ste noch lange nicht aus dem Schneider und wollen auch in Rentfort punkten. <\/p>\n\n\n\n<p>F\u00fcr die Rentforter wird es in den kommenden Spielen immer enger, denn nach der ungl\u00fccklichen Niederlage beim Tabellenf\u00fchrer in Herne-S\u00fcd stehen sie mit dem R\u00fccken zur Wand. Bei noch ausstehenden 9 Spielen hat der BV Rentfort aktuell 8 Punkte R\u00fcckstand auf den ersten Nichtabstiegsplatz, den derzeit Herne 70 belegt. Alles andere als drei Punkte in dem Derby hilft dem BV Rentfort nicht weiter. <\/p>\n\n\n\n<p>Die Schwarz-Gr\u00fcnen d\u00fcrfen sich demnach auf einen hei\u00dfen Tanz an der Hegestra\u00dfe einstellen. Ziel der Zweckeler ist es nat\u00fcrlich, in dem Derby die Punkte zu holen und mit nach Zweckel zu nehmen. <\/p>\n\n\n\n<p>Am vergangenen Sonntag zeigten die Zweckeler mal wieder ihre ganze &#8222;Abstiegserfahrung&#8220; und erzielten einen ungef\u00e4hrdeten und auch in der H\u00f6he verdienten 3:0-Sieg gegen den Abstiegskonkurrenten Firtinaspor Herne. Die gut eingestellte Mannschaft zeigte, dass sie das Siegen nicht verlernt hat und fuhr den ersten Punktspielsieg im Jahr 2025 ein. <\/p>\n\n\n\n<p>Die Abst\u00e4nde im unteren Tabellenmittelfeld sind jedoch so eng, dass jede Niederlage dazu f\u00fchren kann, dass es wieder in den Abw\u00e4rtsstrudel gehen kann. Zwischen dem 8. und 14. Tabellenplatz (erster Abstiegsplatz) liegen gerade einmal 6 Punkte,  so dass sich noch einige Teams im Abstiegskampf befinden. <\/p>\n\n\n\n<p>Die Schwarz-Gr\u00fcnen werden hoffentlich wieder &#8211; wie am letzten Sonntag &#8211; von zahlreichen Anh\u00e4ngern unterst\u00fctzt und mit diesem R\u00fcckenwind alles geben, um erfolgreich Fu\u00dfball zu spielen. <\/p>\n","protected":false},"excerpt":{"rendered":"<p>Sonntag, 23.03.25, 15:15 Uhr: BV Rentfort &#8211; SV Zweckel Am kommenden Sonntag steht wieder ein Abstiegskracher an: Der BV Rentfort empf\u00e4ngt die Schwarz-Gr\u00fcnen an der Hegestra\u00dfe! F\u00fcr beide Mannschaften geht es noch um einen m\u00f6glichen Abstieg aus der \u00fcberkreislichen Bezirksliage, wobei die Zweckeler mit 10 Punkten mehr auf der Habenseite ein deutlich bessere Ausgangssituation haben. [&hellip;]<\/p>\n","protected":false},"author":3,"featured_media":17897,"comment_status":"open","ping_status":"","sticky":false,"template":"","format":"standard","meta":{"_jetpack_memberships_contains_paid_content":false,"footnotes":"","jetpack_publicize_message":"","jetpack_publicize_feature_enabled":true,"jetpack_social_post_already_shared":true,"jetpack_social_options":{"image_generator_settings":{"template":"highway","default_image_id":0,"font":"","enabled":false},"version":2}},"categories":[3],"tags":[],"class_list":["post-17898","post","type-post","status-publish","format-standard","has-post-thumbnail","hentry","category-allgemein"],"jetpack_publicize_connections":[],"jetpack_featured_media_url":"https:\/\/i0.wp.com\/www.svzweckel.de\/wp-content\/uploads\/wp-17423880530342815366058669814128.jpg?fit=2000%2C1125&ssl=1","jetpack_sharing_enabled":true,"_links":{"self":[{"href":"https:\/\/www.svzweckel.de\/index.php?rest_route=\/wp\/v2\/posts\/17898","targetHints":{"allow":["GET"]}}],"collection":[{"href":"https:\/\/www.svzweckel.de\/index.php?rest_route=\/wp\/v2\/posts"}],"about":[{"href":"https:\/\/www.svzweckel.de\/index.php?rest_route=\/wp\/v2\/types\/post"}],"author":[{"embeddable":true,"href":"https:\/\/www.svzweckel.de\/index.php?rest_route=\/wp\/v2\/users\/3"}],"replies":[{"embeddable":true,"href":"https:\/\/www.svzweckel.de\/index.php?rest_route=%2Fwp%2Fv2%2Fcomments&post=17898"}],"version-history":[{"count":1,"href":"https:\/\/www.svzweckel.de\/index.php?rest_route=\/wp\/v2\/posts\/17898\/revisions"}],"predecessor-version":[{"id":17899,"href":"https:\/\/www.svzweckel.de\/index.php?rest_route=\/wp\/v2\/posts\/17898\/revisions\/17899"}],"wp:featuredmedia":[{"embeddable":true,"href":"https:\/\/www.svzweckel.de\/index.php?rest_route=\/wp\/v2\/media\/17897"}],"wp:attachment":[{"href":"https:\/\/www.svzweckel.de\/index.php?rest_route=%2Fwp%2Fv2%2Fmedia&parent=17898"}],"wp:term":[{"taxonomy":"category","embeddable":true,"href":"https:\/\/www.svzweckel.de\/index.php?rest_route=%2Fwp%2Fv2%2Fcategories&post=17898"},{"taxonomy":"post_tag","embeddable":true,"href":"https:\/\/www.svzweckel.de\/index.php?rest_route=%2Fwp%2Fv2%2Ftags&post=17898"}],"curies":[{"name":"wp","href":"https:\/\/api.w.org\/{rel}","templated":true}]}}