{"id":17915,"date":"2025-03-25T11:36:59","date_gmt":"2025-03-25T10:36:59","guid":{"rendered":"https:\/\/www.svzweckel.de\/?p=17915"},"modified":"2025-03-25T11:37:09","modified_gmt":"2025-03-25T10:37:09","slug":"neuer-schatzmeister-beim-sv-zweckel","status":"publish","type":"post","link":"https:\/\/www.svzweckel.de\/?p=17915","title":{"rendered":"Neuer Schatzmeister beim SV Zweckel"},"content":{"rendered":"\n<p>Nach mehr als 13 Jahren ist die Zweckeler Schatzmeisterin Yvonne Reschke gestern von ihrem Amt im gesch\u00e4ftsf\u00fchrenden Vorstand des SV Zweckel zur\u00fcckgetreten. Auf Grund ihrer beruflichen Entwicklung ist es ihr leider nicht mehr m\u00f6glich, die erforderliche Zeit f\u00fcr das herausfordernde Amt aufzubringen.<\/p>\n\n\n\n<p>Der SV Zweckel hat Yvonne Reschke viel zu verdanken, denn gerade in schwierigen Zeiten hat sie die Finanzen des Vereins vorbildlich verwaltet und auch daf\u00fcr gesorgt, dass die immer wieder stattfindenden Pr\u00fcfungen durch das Finanzamt, die Minijob-Zentrale oder die Sozialversicherung ohne Beanstandungen durchgef\u00fchrt werden konnten. Es wird schwierig werden, auch ihre organisatorischen F\u00e4higkeiten zu kompensieren. <br \/><br \/>Der SV Zweckel bedankt sich herzlich f\u00fcr das lange und gro\u00dfe Engagement von Yvonne Reschke im Verein. Sie wird den Verein allerdings nicht ganz verlassen, sondern steht insbesondere ihrem Nachfolger und dem SV Zweckel in den n\u00e4chsten Wochen und Monaten bei der \u00dcbergabe der Aufgabe und Einweisung in das Amt nat\u00fcrlich noch mit Rat und Tat zur Seite.<\/p>\n\n\n\n<p>Mit Gregor Vollmer (siehe Bild) hat der Vorstand des SV Zweckel f\u00fcr den Rest des Gesch\u00e4ftsjahres einen Nachfolger berufen, der bisher dem Jugendvorstand des Vereins angeh\u00f6rte.<\/p>\n\n\n\n<p>Der SV Zweckel hei\u00dft Gregor Vollmer &#8222;Herzlich Willkommen&#8220; und w\u00fcnscht ihm viel Erfolg bei den anstehenden Aufgaben!<br \/><\/p>\n","protected":false},"excerpt":{"rendered":"<p>Nach mehr als 13 Jahren ist die Zweckeler Schatzmeisterin Yvonne Reschke gestern von ihrem Amt im gesch\u00e4ftsf\u00fchrenden Vorstand des SV Zweckel zur\u00fcckgetreten. Auf Grund ihrer beruflichen Entwicklung ist es ihr leider nicht mehr m\u00f6glich, die erforderliche Zeit f\u00fcr das herausfordernde Amt aufzubringen. Der SV Zweckel hat Yvonne Reschke viel zu verdanken, denn gerade in schwierigen [&hellip;]<\/p>\n","protected":false},"author":3,"featured_media":17916,"comment_status":"open","ping_status":"","sticky":false,"template":"","format":"standard","meta":{"_jetpack_memberships_contains_paid_content":false,"footnotes":"","jetpack_publicize_message":"","jetpack_publicize_feature_enabled":true,"jetpack_social_post_already_shared":true,"jetpack_social_options":{"image_generator_settings":{"template":"highway","default_image_id":0,"font":"","enabled":false},"version":2}},"categories":[3],"tags":[],"class_list":["post-17915","post","type-post","status-publish","format-standard","has-post-thumbnail","hentry","category-allgemein"],"jetpack_publicize_connections":[],"jetpack_featured_media_url":"https:\/\/i0.wp.com\/www.svzweckel.de\/wp-content\/uploads\/wp-1742898279165496263752344276055.jpg?fit=2000%2C1125&ssl=1","jetpack_sharing_enabled":true,"_links":{"self":[{"href":"https:\/\/www.svzweckel.de\/index.php?rest_route=\/wp\/v2\/posts\/17915","targetHints":{"allow":["GET"]}}],"collection":[{"href":"https:\/\/www.svzweckel.de\/index.php?rest_route=\/wp\/v2\/posts"}],"about":[{"href":"https:\/\/www.svzweckel.de\/index.php?rest_route=\/wp\/v2\/types\/post"}],"author":[{"embeddable":true,"href":"https:\/\/www.svzweckel.de\/index.php?rest_route=\/wp\/v2\/users\/3"}],"replies":[{"embeddable":true,"href":"https:\/\/www.svzweckel.de\/index.php?rest_route=%2Fwp%2Fv2%2Fcomments&post=17915"}],"version-history":[{"count":2,"href":"https:\/\/www.svzweckel.de\/index.php?rest_route=\/wp\/v2\/posts\/17915\/revisions"}],"predecessor-version":[{"id":17918,"href":"https:\/\/www.svzweckel.de\/index.php?rest_route=\/wp\/v2\/posts\/17915\/revisions\/17918"}],"wp:featuredmedia":[{"embeddable":true,"href":"https:\/\/www.svzweckel.de\/index.php?rest_route=\/wp\/v2\/media\/17916"}],"wp:attachment":[{"href":"https:\/\/www.svzweckel.de\/index.php?rest_route=%2Fwp%2Fv2%2Fmedia&parent=17915"}],"wp:term":[{"taxonomy":"category","embeddable":true,"href":"https:\/\/www.svzweckel.de\/index.php?rest_route=%2Fwp%2Fv2%2Fcategories&post=17915"},{"taxonomy":"post_tag","embeddable":true,"href":"https:\/\/www.svzweckel.de\/index.php?rest_route=%2Fwp%2Fv2%2Ftags&post=17915"}],"curies":[{"name":"wp","href":"https:\/\/api.w.org\/{rel}","templated":true}]}}