{"id":17920,"date":"2025-03-28T21:06:01","date_gmt":"2025-03-28T20:06:01","guid":{"rendered":"https:\/\/www.svzweckel.de\/?p=17920"},"modified":"2025-03-28T21:07:30","modified_gmt":"2025-03-28T20:07:30","slug":"immer-noch-abstiegskampf","status":"publish","type":"post","link":"https:\/\/www.svzweckel.de\/?p=17920","title":{"rendered":"Immer noch Abstiegskampf"},"content":{"rendered":"\n<p>Sonntag, 30.03.25, 15:00 Uhr: SV Zweckel &#8211; VfB Waltrup<\/p>\n\n\n\n<p>Nach dem Sieg in Rentfort haben sich die Zweckeler ein bisschen vom ersten Abstiegsplatz abgesetzt und haben nun 8 Punkte Vorsprung auf die dort platzierte Mannschaft von Firtinaspor Herne.<\/p>\n\n\n\n<p>Doch das darf Trainer und Mannschaft nicht ruhen lassen, denn bei der engen Konstellation im Tabellenkeller sind noch viele Mannschaften gef\u00e4hrdet und m\u00fcssen noch um Abstieg bangen.<\/p>\n\n\n\n<p>Auch der VfB Waltrop ist wieder unten reingerutscht und hat aus den letzten vier Spielen lediglich einen Punkt geholt. Beim Spiel gegen den VfB Kirchhellen gab es nach 2:0-F\u00fchrung noch ein 2:2 Unentschieden. Die drei Niederlagen im Jahr 2025 entstanden auch bei Spielen gegen drei Gegner (Hassel, FC Recklinghausen und Herne-S\u00fcd), die unter den ersten Sechs der Tabelle zu finden sind.<br \/>Im Hinspiel verloren die Zweckeler mit 4:3 etwas ungl\u00fccklich gegen die junge Waltroper Mannschaft, die mit 10 Spielern der A-Junioren des Westfalenligakaders aufgelaufen war.<\/p>\n\n\n\n<p>Die Zweckeler wollen die Hinspielniederlage wettmachen und sind schon hei\u00df auf das Spiel, auch weil die Stimmung im Team gut ist und das Lazarett sich etwas gelichtet hat. M\u00f6glicherweise kann auch Kapit\u00e4n und Torj\u00e4ger Jan Schwers wieder in das Spiel eingreifen, nachdem er in den letzten Wochen verletzungsbedingt aussetzen musste.<\/p>\n","protected":false},"excerpt":{"rendered":"<p>Sonntag, 30.03.25, 15:00 Uhr: SV Zweckel &#8211; VfB Waltrup Nach dem Sieg in Rentfort haben sich die Zweckeler ein bisschen vom ersten Abstiegsplatz abgesetzt und haben nun 8 Punkte Vorsprung auf die dort platzierte Mannschaft von Firtinaspor Herne. Doch das darf Trainer und Mannschaft nicht ruhen lassen, denn bei der engen Konstellation im Tabellenkeller sind [&hellip;]<\/p>\n","protected":false},"author":3,"featured_media":17904,"comment_status":"open","ping_status":"","sticky":false,"template":"","format":"standard","meta":{"_jetpack_memberships_contains_paid_content":false,"footnotes":"","jetpack_publicize_message":"","jetpack_publicize_feature_enabled":true,"jetpack_social_post_already_shared":true,"jetpack_social_options":{"image_generator_settings":{"template":"highway","default_image_id":0,"font":"","enabled":false},"version":2}},"categories":[3],"tags":[],"class_list":["post-17920","post","type-post","status-publish","format-standard","has-post-thumbnail","hentry","category-allgemein"],"jetpack_publicize_connections":[],"jetpack_featured_media_url":"https:\/\/i0.wp.com\/www.svzweckel.de\/wp-content\/uploads\/wp-17427494162851992568735986438221.jpg?fit=2000%2C1125&ssl=1","jetpack_sharing_enabled":true,"_links":{"self":[{"href":"https:\/\/www.svzweckel.de\/index.php?rest_route=\/wp\/v2\/posts\/17920","targetHints":{"allow":["GET"]}}],"collection":[{"href":"https:\/\/www.svzweckel.de\/index.php?rest_route=\/wp\/v2\/posts"}],"about":[{"href":"https:\/\/www.svzweckel.de\/index.php?rest_route=\/wp\/v2\/types\/post"}],"author":[{"embeddable":true,"href":"https:\/\/www.svzweckel.de\/index.php?rest_route=\/wp\/v2\/users\/3"}],"replies":[{"embeddable":true,"href":"https:\/\/www.svzweckel.de\/index.php?rest_route=%2Fwp%2Fv2%2Fcomments&post=17920"}],"version-history":[{"count":4,"href":"https:\/\/www.svzweckel.de\/index.php?rest_route=\/wp\/v2\/posts\/17920\/revisions"}],"predecessor-version":[{"id":17924,"href":"https:\/\/www.svzweckel.de\/index.php?rest_route=\/wp\/v2\/posts\/17920\/revisions\/17924"}],"wp:featuredmedia":[{"embeddable":true,"href":"https:\/\/www.svzweckel.de\/index.php?rest_route=\/wp\/v2\/media\/17904"}],"wp:attachment":[{"href":"https:\/\/www.svzweckel.de\/index.php?rest_route=%2Fwp%2Fv2%2Fmedia&parent=17920"}],"wp:term":[{"taxonomy":"category","embeddable":true,"href":"https:\/\/www.svzweckel.de\/index.php?rest_route=%2Fwp%2Fv2%2Fcategories&post=17920"},{"taxonomy":"post_tag","embeddable":true,"href":"https:\/\/www.svzweckel.de\/index.php?rest_route=%2Fwp%2Fv2%2Ftags&post=17920"}],"curies":[{"name":"wp","href":"https:\/\/api.w.org\/{rel}","templated":true}]}}