{"id":17925,"date":"2025-03-28T22:00:05","date_gmt":"2025-03-28T21:00:05","guid":{"rendered":"https:\/\/www.svzweckel.de\/?p=17925"},"modified":"2025-03-28T22:00:33","modified_gmt":"2025-03-28T21:00:33","slug":"trainer-fuer-die-neue-3-mannschaft-verpflichtet","status":"publish","type":"post","link":"https:\/\/www.svzweckel.de\/?p=17925","title":{"rendered":"Trainer f\u00fcr die neue 3. Mannschaft verpflichtet"},"content":{"rendered":"\n<p>Der SV Zweckel m\u00f6chte expandieren und wird im Sommer mit einer neuen 3. Mannschaft ins Meisterschaftsrennen gehen. <\/p>\n\n\n\n<p>Gesch\u00e4ftsf\u00fchrer Jakob Pleiss begr\u00fc\u00dfte Thomas Wolters, der den Aufbau eines neuen Teams in Angriff nehmen wird. Der SV Zweckel freut sich, dass mit ihm ein erfahrener Trainer verpflichtet werden konnte, der in den vergangenen Jahren als Jugend- und Seniorentrainer bei Preu\u00dfen Gladbeck und SB Gladbeck aktiv gewesen ist.<\/p>\n\n\n\n<p>Es werden noch Fussballer gesucht, die ab dem Sommer in der neuen 3. Mannschaft des SV Zweckel mitmachen wollen.<\/p>\n\n\n\n<p>Bei Interesse k\u00f6nnte Ihr Euch unter <a href=\"mailto:info@svzweckel.de\">info@svzweckel.de<\/a> oder direkt beim zuk\u00fcnftigen Trainer unter <a href=\"wolters1960@t-online.de\">Wolters1960@t-online.de<\/a> bzw. unter der Telefonnummer 0176 81773845 melden. <\/p>\n","protected":false},"excerpt":{"rendered":"<p>Der SV Zweckel m\u00f6chte expandieren und wird im Sommer mit einer neuen 3. Mannschaft ins Meisterschaftsrennen gehen. Gesch\u00e4ftsf\u00fchrer Jakob Pleiss begr\u00fc\u00dfte Thomas Wolters, der den Aufbau eines neuen Teams in Angriff nehmen wird. Der SV Zweckel freut sich, dass mit ihm ein erfahrener Trainer verpflichtet werden konnte, der in den vergangenen Jahren als Jugend- und [&hellip;]<\/p>\n","protected":false},"author":3,"featured_media":17926,"comment_status":"open","ping_status":"","sticky":false,"template":"","format":"standard","meta":{"_jetpack_memberships_contains_paid_content":false,"footnotes":"","jetpack_publicize_message":"","jetpack_publicize_feature_enabled":true,"jetpack_social_post_already_shared":true,"jetpack_social_options":{"image_generator_settings":{"template":"highway","default_image_id":0,"font":"","enabled":false},"version":2}},"categories":[3],"tags":[],"class_list":["post-17925","post","type-post","status-publish","format-standard","has-post-thumbnail","hentry","category-allgemein"],"jetpack_publicize_connections":[],"jetpack_featured_media_url":"https:\/\/i0.wp.com\/www.svzweckel.de\/wp-content\/uploads\/wp-17431938877759132423898596019113.jpg?fit=2000%2C1125&ssl=1","jetpack_sharing_enabled":true,"_links":{"self":[{"href":"https:\/\/www.svzweckel.de\/index.php?rest_route=\/wp\/v2\/posts\/17925","targetHints":{"allow":["GET"]}}],"collection":[{"href":"https:\/\/www.svzweckel.de\/index.php?rest_route=\/wp\/v2\/posts"}],"about":[{"href":"https:\/\/www.svzweckel.de\/index.php?rest_route=\/wp\/v2\/types\/post"}],"author":[{"embeddable":true,"href":"https:\/\/www.svzweckel.de\/index.php?rest_route=\/wp\/v2\/users\/3"}],"replies":[{"embeddable":true,"href":"https:\/\/www.svzweckel.de\/index.php?rest_route=%2Fwp%2Fv2%2Fcomments&post=17925"}],"version-history":[{"count":3,"href":"https:\/\/www.svzweckel.de\/index.php?rest_route=\/wp\/v2\/posts\/17925\/revisions"}],"predecessor-version":[{"id":17929,"href":"https:\/\/www.svzweckel.de\/index.php?rest_route=\/wp\/v2\/posts\/17925\/revisions\/17929"}],"wp:featuredmedia":[{"embeddable":true,"href":"https:\/\/www.svzweckel.de\/index.php?rest_route=\/wp\/v2\/media\/17926"}],"wp:attachment":[{"href":"https:\/\/www.svzweckel.de\/index.php?rest_route=%2Fwp%2Fv2%2Fmedia&parent=17925"}],"wp:term":[{"taxonomy":"category","embeddable":true,"href":"https:\/\/www.svzweckel.de\/index.php?rest_route=%2Fwp%2Fv2%2Fcategories&post=17925"},{"taxonomy":"post_tag","embeddable":true,"href":"https:\/\/www.svzweckel.de\/index.php?rest_route=%2Fwp%2Fv2%2Ftags&post=17925"}],"curies":[{"name":"wp","href":"https:\/\/api.w.org\/{rel}","templated":true}]}}