{"id":17953,"date":"2025-04-03T23:03:34","date_gmt":"2025-04-03T21:03:34","guid":{"rendered":"https:\/\/www.svzweckel.de\/?p=17953"},"modified":"2025-04-03T23:03:34","modified_gmt":"2025-04-03T21:03:34","slug":"herausforderung-in-recklinghausen","status":"publish","type":"post","link":"https:\/\/www.svzweckel.de\/?p=17953","title":{"rendered":"Herausforderung in Recklinghausen"},"content":{"rendered":"\n<p>Sonntag, 06.04.25, 15:00 Uhr: FC 96 Recklinghausen &#8211; SV Zweckel<\/p>\n\n\n\n<p>Nach dem Sieg gegen Waltrop wartet nun ein sehr starker Gegner auf den SV Zweckel. Der Tabellenzweite aus Recklinghausen hat am letzten Sonntag das Spitzenspiel gegen den Tabellenf\u00fchrer BV Herne-S\u00fcd mit 3:1 verloren und ist zum Siegen verdammt, um \u00fcberhaupt noch eine Chance zu haben, um den Aufstieg mitzuspielen. Bei sechs Punkten R\u00fcckstand haben die Kreisst\u00e4dter zwar noch ein Spiel in der Hinterhand aber selbst bei einem Sieg w\u00e4ren sie immer noch drei Punkte hinter dem Tabellenf\u00fchrer und h\u00e4tten es nicht mehr selbst in der Hand Meister zu werden.<br \/>Deshalb d\u00fcrfen sich die Zweckeler auf einen hei\u00dfen Tanz vorbereiten, denn alles andere als ein Sieg w\u00e4re f\u00fcr den Tabellenzweiten fast schon eine Vorentscheidung f\u00fcr die Meisterschaft.<br \/>Die Zweckeler k\u00f6nnen mit breiter Brust nach Recklinghausen fahren, denn nach drei Siegen in Folge haben sie sich etwas vom Tabellenende abgesetzt. Mit einer couragierten Leistung ist es auch in Recklinghausen sicher nicht unm\u00f6glich, etwas Z\u00e4hlbares mit nach Zweckel zu nehmen. <\/p>\n\n\n\n<p>Im Hinspiel verloren die Zweckeler das Spiel nach einer 1:0-F\u00fchrung noch mit 1:4, wobei  der FC Recklinghausen in den letzten 15 Minuten noch drei Treffer erzielte. <\/p>\n\n\n\n<p>Adresse:<br \/>Stadion Recklinghausen-Hohenhorst, Am Stadion 1, 45659 Recklinghausen<\/p>\n","protected":false},"excerpt":{"rendered":"<p>Sonntag, 06.04.25, 15:00 Uhr: FC 96 Recklinghausen &#8211; SV Zweckel Nach dem Sieg gegen Waltrop wartet nun ein sehr starker Gegner auf den SV Zweckel. Der Tabellenzweite aus Recklinghausen hat am letzten Sonntag das Spitzenspiel gegen den Tabellenf\u00fchrer BV Herne-S\u00fcd mit 3:1 verloren und ist zum Siegen verdammt, um \u00fcberhaupt noch eine Chance zu haben, [&hellip;]<\/p>\n","protected":false},"author":3,"featured_media":17856,"comment_status":"open","ping_status":"","sticky":false,"template":"","format":"standard","meta":{"_jetpack_memberships_contains_paid_content":false,"footnotes":"","jetpack_publicize_message":"","jetpack_publicize_feature_enabled":true,"jetpack_social_post_already_shared":true,"jetpack_social_options":{"image_generator_settings":{"template":"highway","default_image_id":0,"font":"","enabled":false},"version":2}},"categories":[3],"tags":[],"class_list":["post-17953","post","type-post","status-publish","format-standard","has-post-thumbnail","hentry","category-allgemein"],"jetpack_publicize_connections":[],"jetpack_featured_media_url":"https:\/\/i0.wp.com\/www.svzweckel.de\/wp-content\/uploads\/Horst.jpg?fit=1148%2C646&ssl=1","jetpack_sharing_enabled":true,"_links":{"self":[{"href":"https:\/\/www.svzweckel.de\/index.php?rest_route=\/wp\/v2\/posts\/17953","targetHints":{"allow":["GET"]}}],"collection":[{"href":"https:\/\/www.svzweckel.de\/index.php?rest_route=\/wp\/v2\/posts"}],"about":[{"href":"https:\/\/www.svzweckel.de\/index.php?rest_route=\/wp\/v2\/types\/post"}],"author":[{"embeddable":true,"href":"https:\/\/www.svzweckel.de\/index.php?rest_route=\/wp\/v2\/users\/3"}],"replies":[{"embeddable":true,"href":"https:\/\/www.svzweckel.de\/index.php?rest_route=%2Fwp%2Fv2%2Fcomments&post=17953"}],"version-history":[{"count":2,"href":"https:\/\/www.svzweckel.de\/index.php?rest_route=\/wp\/v2\/posts\/17953\/revisions"}],"predecessor-version":[{"id":17955,"href":"https:\/\/www.svzweckel.de\/index.php?rest_route=\/wp\/v2\/posts\/17953\/revisions\/17955"}],"wp:featuredmedia":[{"embeddable":true,"href":"https:\/\/www.svzweckel.de\/index.php?rest_route=\/wp\/v2\/media\/17856"}],"wp:attachment":[{"href":"https:\/\/www.svzweckel.de\/index.php?rest_route=%2Fwp%2Fv2%2Fmedia&parent=17953"}],"wp:term":[{"taxonomy":"category","embeddable":true,"href":"https:\/\/www.svzweckel.de\/index.php?rest_route=%2Fwp%2Fv2%2Fcategories&post=17953"},{"taxonomy":"post_tag","embeddable":true,"href":"https:\/\/www.svzweckel.de\/index.php?rest_route=%2Fwp%2Fv2%2Ftags&post=17953"}],"curies":[{"name":"wp","href":"https:\/\/api.w.org\/{rel}","templated":true}]}}