{"id":17960,"date":"2025-04-08T09:43:10","date_gmt":"2025-04-08T07:43:10","guid":{"rendered":"https:\/\/www.svzweckel.de\/?p=17960"},"modified":"2025-04-08T09:43:10","modified_gmt":"2025-04-08T07:43:10","slug":"trotz-couragierter-leistung-keine-punkte","status":"publish","type":"post","link":"https:\/\/www.svzweckel.de\/?p=17960","title":{"rendered":"Trotz couragierter Leistung keine Punkte!"},"content":{"rendered":"\n<p>FC 96 Recklinghausen &#8211; SV Zweckel 3:1 (0:0)<\/p>\n\n\n\n<p>Die erste Mannschaft ist als klarer Au\u00dfenseiter in die Partie gegen den Tabellenzweiten aus Recklinghausen gegangen. Trotzdem zeigte die Mannschaft eine gute Leistung und spielte 75 Minuten mindestens auf Augenh\u00f6he mit.<\/p>\n\n\n\n<p>Schon bevor die Gastgeber nach einer schmeichelhaften Entscheidung des Schiedsrichters einen direkten Freisto\u00df zur 1:0 F\u00fchrung in den Winkel setzten, erspielten die Gr\u00fcnhemden sich beste Gelegenheiten, um selbst in F\u00fchrung zu gehen. Lediglich am Abschluss scheiterte es.<\/p>\n\n\n\n<p>Die G\u00e4ste hielten den Druck in der zweiten Halbzeit hoch und kamen somit durch einen verwandelten Foulelfmeter von Kapit\u00e4n Jan Schwers zum bis dato hochverdienten Ausgleich.<\/p>\n\n\n\n<p>Bis zur 75. Minute neutralisierten sich beide Teams weitestgehend. In der Schlussviertelstunde verlie\u00dfen die Zweckeler etwas die Kr\u00e4fte. So konnte der Gastgeber, welcher zum Siegen verdammt war, um die Aufstiegschance zu wahren, zwei weitere Treffer zum 3:1 Endstand erzielen.<\/p>\n\n\n\n<p>Am Freitag, den 11.04.2025 um 19:30Uhr, empf\u00e4ngt der SV Zweckel den VFB Kirchhellen zum Derby in der \u201eUli Simon Arena\u201c. Das Ziel wird es sein, mit einer \u00e4hnlich guten Leistung wieder etwas Z\u00e4hlbares zu holen.<\/p>\n","protected":false},"excerpt":{"rendered":"<p>FC 96 Recklinghausen &#8211; SV Zweckel 3:1 (0:0) Die erste Mannschaft ist als klarer Au\u00dfenseiter in die Partie gegen den Tabellenzweiten aus Recklinghausen gegangen. Trotzdem zeigte die Mannschaft eine gute Leistung und spielte 75 Minuten mindestens auf Augenh\u00f6he mit. Schon bevor die Gastgeber nach einer schmeichelhaften Entscheidung des Schiedsrichters einen direkten Freisto\u00df zur 1:0 F\u00fchrung [&hellip;]<\/p>\n","protected":false},"author":3,"featured_media":17963,"comment_status":"open","ping_status":"","sticky":false,"template":"","format":"standard","meta":{"_jetpack_memberships_contains_paid_content":false,"footnotes":"","jetpack_publicize_message":"","jetpack_publicize_feature_enabled":true,"jetpack_social_post_already_shared":true,"jetpack_social_options":{"image_generator_settings":{"template":"highway","default_image_id":0,"font":"","enabled":false},"version":2}},"categories":[3],"tags":[],"class_list":["post-17960","post","type-post","status-publish","format-standard","has-post-thumbnail","hentry","category-allgemein"],"jetpack_publicize_connections":[],"jetpack_featured_media_url":"https:\/\/i0.wp.com\/www.svzweckel.de\/wp-content\/uploads\/FC-RE.jpg?fit=1309%2C945&ssl=1","jetpack_sharing_enabled":true,"_links":{"self":[{"href":"https:\/\/www.svzweckel.de\/index.php?rest_route=\/wp\/v2\/posts\/17960","targetHints":{"allow":["GET"]}}],"collection":[{"href":"https:\/\/www.svzweckel.de\/index.php?rest_route=\/wp\/v2\/posts"}],"about":[{"href":"https:\/\/www.svzweckel.de\/index.php?rest_route=\/wp\/v2\/types\/post"}],"author":[{"embeddable":true,"href":"https:\/\/www.svzweckel.de\/index.php?rest_route=\/wp\/v2\/users\/3"}],"replies":[{"embeddable":true,"href":"https:\/\/www.svzweckel.de\/index.php?rest_route=%2Fwp%2Fv2%2Fcomments&post=17960"}],"version-history":[{"count":1,"href":"https:\/\/www.svzweckel.de\/index.php?rest_route=\/wp\/v2\/posts\/17960\/revisions"}],"predecessor-version":[{"id":17961,"href":"https:\/\/www.svzweckel.de\/index.php?rest_route=\/wp\/v2\/posts\/17960\/revisions\/17961"}],"wp:featuredmedia":[{"embeddable":true,"href":"https:\/\/www.svzweckel.de\/index.php?rest_route=\/wp\/v2\/media\/17963"}],"wp:attachment":[{"href":"https:\/\/www.svzweckel.de\/index.php?rest_route=%2Fwp%2Fv2%2Fmedia&parent=17960"}],"wp:term":[{"taxonomy":"category","embeddable":true,"href":"https:\/\/www.svzweckel.de\/index.php?rest_route=%2Fwp%2Fv2%2Fcategories&post=17960"},{"taxonomy":"post_tag","embeddable":true,"href":"https:\/\/www.svzweckel.de\/index.php?rest_route=%2Fwp%2Fv2%2Ftags&post=17960"}],"curies":[{"name":"wp","href":"https:\/\/api.w.org\/{rel}","templated":true}]}}