{"id":17978,"date":"2025-04-12T12:01:33","date_gmt":"2025-04-12T10:01:33","guid":{"rendered":"https:\/\/www.svzweckel.de\/?p=17978"},"modified":"2025-04-12T12:31:30","modified_gmt":"2025-04-12T10:31:30","slug":"s04-live-im-vereinsheim","status":"publish","type":"post","link":"https:\/\/www.svzweckel.de\/?p=17978","title":{"rendered":"S04 live im Vereinsheim"},"content":{"rendered":"\n<p>Ge\u00e4nderte \u00d6ffnungszeiten am morgigen Sonntag!<\/p>\n\n\n\n<p>Aufgrund des Ausw\u00e4rtsspiels der Knappen bei Jahn Regensburg \u00f6ffnet unser Vereinsheim morgen bereits um <strong>13.00 Uhr<\/strong> seine Pforten. Seid dabei und erlebt das Spiel live auf der Gro\u00dfbildleinwand.<\/p>\n\n\n<div class=\"wp-block-image\">\n<figure class=\"aligncenter size-full\"><img data-recalc-dims=\"1\" loading=\"lazy\" decoding=\"async\" width=\"603\" height=\"200\" src=\"https:\/\/i0.wp.com\/www.svzweckel.de\/wp-content\/uploads\/S04JR.jpg?resize=603%2C200&#038;ssl=1\" alt=\"\" class=\"wp-image-17979\" srcset=\"https:\/\/i0.wp.com\/www.svzweckel.de\/wp-content\/uploads\/S04JR.jpg?w=603&amp;ssl=1 603w, https:\/\/i0.wp.com\/www.svzweckel.de\/wp-content\/uploads\/S04JR.jpg?resize=300%2C100&amp;ssl=1 300w, https:\/\/i0.wp.com\/www.svzweckel.de\/wp-content\/uploads\/S04JR.jpg?resize=150%2C50&amp;ssl=1 150w, https:\/\/i0.wp.com\/www.svzweckel.de\/wp-content\/uploads\/S04JR.jpg?resize=100%2C33&amp;ssl=1 100w, https:\/\/i0.wp.com\/www.svzweckel.de\/wp-content\/uploads\/S04JR.jpg?resize=50%2C17&amp;ssl=1 50w, https:\/\/i0.wp.com\/www.svzweckel.de\/wp-content\/uploads\/S04JR.jpg?resize=25%2C8&amp;ssl=1 25w, https:\/\/i0.wp.com\/www.svzweckel.de\/wp-content\/uploads\/S04JR.jpg?resize=600%2C200&amp;ssl=1 600w, https:\/\/i0.wp.com\/www.svzweckel.de\/wp-content\/uploads\/S04JR.jpg?resize=160%2C53&amp;ssl=1 160w\" sizes=\"auto, (max-width: 603px) 100vw, 603px\" \/><\/figure>\n<\/div>\n\n\n<p>Wer sind wir? SV Zweckel!<\/p>\n\n\n\n<p><\/p>\n","protected":false},"excerpt":{"rendered":"<p>Ge\u00e4nderte \u00d6ffnungszeiten am morgigen Sonntag! Aufgrund des Ausw\u00e4rtsspiels der Knappen bei Jahn Regensburg \u00f6ffnet unser Vereinsheim morgen bereits um 13.00 Uhr seine Pforten. Seid dabei und erlebt das Spiel live auf der Gro\u00dfbildleinwand. Wer sind wir? SV Zweckel!<\/p>\n","protected":false},"author":28,"featured_media":17979,"comment_status":"open","ping_status":"","sticky":false,"template":"","format":"standard","meta":{"_jetpack_memberships_contains_paid_content":false,"footnotes":"","jetpack_publicize_message":"","jetpack_publicize_feature_enabled":true,"jetpack_social_post_already_shared":true,"jetpack_social_options":{"image_generator_settings":{"template":"highway","default_image_id":0,"font":"","enabled":false},"version":2}},"categories":[3,32],"tags":[],"class_list":["post-17978","post","type-post","status-publish","format-standard","has-post-thumbnail","hentry","category-allgemein","category-verein"],"jetpack_publicize_connections":[],"jetpack_featured_media_url":"https:\/\/i0.wp.com\/www.svzweckel.de\/wp-content\/uploads\/S04JR.jpg?fit=603%2C200&ssl=1","jetpack_sharing_enabled":true,"_links":{"self":[{"href":"https:\/\/www.svzweckel.de\/index.php?rest_route=\/wp\/v2\/posts\/17978","targetHints":{"allow":["GET"]}}],"collection":[{"href":"https:\/\/www.svzweckel.de\/index.php?rest_route=\/wp\/v2\/posts"}],"about":[{"href":"https:\/\/www.svzweckel.de\/index.php?rest_route=\/wp\/v2\/types\/post"}],"author":[{"embeddable":true,"href":"https:\/\/www.svzweckel.de\/index.php?rest_route=\/wp\/v2\/users\/28"}],"replies":[{"embeddable":true,"href":"https:\/\/www.svzweckel.de\/index.php?rest_route=%2Fwp%2Fv2%2Fcomments&post=17978"}],"version-history":[{"count":3,"href":"https:\/\/www.svzweckel.de\/index.php?rest_route=\/wp\/v2\/posts\/17978\/revisions"}],"predecessor-version":[{"id":17982,"href":"https:\/\/www.svzweckel.de\/index.php?rest_route=\/wp\/v2\/posts\/17978\/revisions\/17982"}],"wp:featuredmedia":[{"embeddable":true,"href":"https:\/\/www.svzweckel.de\/index.php?rest_route=\/wp\/v2\/media\/17979"}],"wp:attachment":[{"href":"https:\/\/www.svzweckel.de\/index.php?rest_route=%2Fwp%2Fv2%2Fmedia&parent=17978"}],"wp:term":[{"taxonomy":"category","embeddable":true,"href":"https:\/\/www.svzweckel.de\/index.php?rest_route=%2Fwp%2Fv2%2Fcategories&post=17978"},{"taxonomy":"post_tag","embeddable":true,"href":"https:\/\/www.svzweckel.de\/index.php?rest_route=%2Fwp%2Fv2%2Ftags&post=17978"}],"curies":[{"name":"wp","href":"https:\/\/api.w.org\/{rel}","templated":true}]}}