{"id":17990,"date":"2025-04-12T13:06:20","date_gmt":"2025-04-12T11:06:20","guid":{"rendered":"https:\/\/www.svzweckel.de\/?p=17990"},"modified":"2025-04-12T13:06:20","modified_gmt":"2025-04-12T11:06:20","slug":"derby-endet-unentschieden","status":"publish","type":"post","link":"https:\/\/www.svzweckel.de\/?p=17990","title":{"rendered":"Derby endet Unentschieden"},"content":{"rendered":"\n<p>SV Zweckel &#8211; VfB Kirchhellen 0:0<\/p>\n\n\n\n<p>Vor guter Zuschauerkulisse trafen sich der SV Zweckel und der VfB Kirchhellen zum Derby in der Uli Simon Arena. <br \/>Beide Mannschaften begannen gar nicht verhalten, sondern suchten ihr Heil in der Offensive. Nach zwei Minichancen auf beiden Seiten wusste Moritz Heidenreich in der 6. Minute mit einer Rettungstat vor der Linie die F\u00fchrung f\u00fcr die G\u00e4ste zu verhindern. <\/p>\n\n\n\n<p>Danach flachte die Partie etwas ab und der SV Zweckel gewann etwas die \u00dcberhand, ohne jedoch klare Torchancen zu kreieren. Kirchhellens Trainer Martin Str\u00f6tzel \u00fcberraschte mit einer Personalie den SV Zweckel und vermutlich auch einige Zuschauer. Kapit\u00e4n Fabian Mohs, mit 10 Treffern immerhin Kirchhellens bester Torsch\u00fctze, lief in der Innenverteidigung auf und sollte dabei helfen, die Defensive zu st\u00e4rken.<br \/>Die Zweckeler versuchten es immer wieder \u00fcber die Au\u00dfenbahnen, bliebe aber leider h\u00e4ufig vor einem Abschlussversuch in der vielbeinigen Defensive des VfB h\u00e4ngen.<br \/>Nach einer halben Stunde verweigerte der ansonsten sehr gute Schiedsrichter Daniel Azedin den Gastgebern einen klaren Strafsto\u00df. Sebastian Waldner wurde vor dem 16er gehalten, riss sich los und drang in die Box ein. Dort wurde er klar von den Beinen geholt, doch der Referee entschied nicht auf Elfmeter, sondern auf Freisto\u00df au\u00dferhalb des Sechzehners, da der Zweckeler Spieler dort erstmalig gefoult wurde. Das war mehr als fragw\u00fcrdig!<br \/>In der Nachspielzeit geht der Zweckeler Kapit\u00e4n ebenfalls zu Boden und reklamiert einen Elfmeter, den er jedoch nicht bekommt.<\/p>\n\n\n\n<figure class=\"wp-block-image size-large\"><img data-recalc-dims=\"1\" loading=\"lazy\" decoding=\"async\" width=\"640\" height=\"360\" src=\"https:\/\/i0.wp.com\/www.svzweckel.de\/wp-content\/uploads\/wp-17444529125878554994109594372142.jpg?resize=640%2C360&#038;ssl=1\" alt=\"\" class=\"wp-image-17984\" srcset=\"https:\/\/i0.wp.com\/www.svzweckel.de\/wp-content\/uploads\/wp-17444529125878554994109594372142.jpg?resize=800%2C450&amp;ssl=1 800w, https:\/\/i0.wp.com\/www.svzweckel.de\/wp-content\/uploads\/wp-17444529125878554994109594372142.jpg?resize=300%2C169&amp;ssl=1 300w, https:\/\/i0.wp.com\/www.svzweckel.de\/wp-content\/uploads\/wp-17444529125878554994109594372142.jpg?resize=150%2C84&amp;ssl=1 150w, https:\/\/i0.wp.com\/www.svzweckel.de\/wp-content\/uploads\/wp-17444529125878554994109594372142.jpg?resize=768%2C432&amp;ssl=1 768w, https:\/\/i0.wp.com\/www.svzweckel.de\/wp-content\/uploads\/wp-17444529125878554994109594372142.jpg?resize=1536%2C864&amp;ssl=1 1536w, https:\/\/i0.wp.com\/www.svzweckel.de\/wp-content\/uploads\/wp-17444529125878554994109594372142.jpg?resize=640%2C360&amp;ssl=1 640w, https:\/\/i0.wp.com\/www.svzweckel.de\/wp-content\/uploads\/wp-17444529125878554994109594372142.jpg?resize=100%2C56&amp;ssl=1 100w, https:\/\/i0.wp.com\/www.svzweckel.de\/wp-content\/uploads\/wp-17444529125878554994109594372142.jpg?resize=50%2C28&amp;ssl=1 50w, https:\/\/i0.wp.com\/www.svzweckel.de\/wp-content\/uploads\/wp-17444529125878554994109594372142.jpg?resize=25%2C14&amp;ssl=1 25w, https:\/\/i0.wp.com\/www.svzweckel.de\/wp-content\/uploads\/wp-17444529125878554994109594372142.jpg?resize=569%2C320&amp;ssl=1 569w, https:\/\/i0.wp.com\/www.svzweckel.de\/wp-content\/uploads\/wp-17444529125878554994109594372142.jpg?resize=160%2C90&amp;ssl=1 160w, https:\/\/i0.wp.com\/www.svzweckel.de\/wp-content\/uploads\/wp-17444529125878554994109594372142.jpg?w=2000&amp;ssl=1 2000w, https:\/\/i0.wp.com\/www.svzweckel.de\/wp-content\/uploads\/wp-17444529125878554994109594372142.jpg?w=1280&amp;ssl=1 1280w, https:\/\/i0.wp.com\/www.svzweckel.de\/wp-content\/uploads\/wp-17444529125878554994109594372142.jpg?w=1920&amp;ssl=1 1920w\" sizes=\"auto, (max-width: 640px) 100vw, 640px\" \/><\/figure>\n\n\n\n<p>Nach der Pause kommen die G\u00e4ste etwas besser ins Spiel und erh\u00f6hen den Druck. Zweckel antwortet mit Kontern, bei denen jedoch der letzte Pass h\u00e4ufig zu ungenau gespielt wird. Dario Schierenberg im Tor der Schwarz-Gr\u00fcnen muss noch zweimal eingreifen und mit einer Fu\u00dfabwehr und einer schnellen Reaktion ins untere Eck die F\u00fchrung der G\u00e4ste verhindern. Bei einem Pfostentreffer der G\u00e4ste w\u00e4re er aber auch vermutlich machtlos gewesen.<br \/>Die Gastgeber hatten allerdings auch noch einige Torchancen, die der G\u00e4stekeeper per Fu\u00df- bzw. Faustabwehr zunichtemachte. Die gr\u00f6\u00dfte Chance zur F\u00fchrung vergaben die Zweckeler in der 75. Minute, als eine \u00dcberzahlsituation (3 gegen 2) mit dem &#8222;falschen&#8220; Pass nicht gut ausgespielt wurde.<\/p>\n\n\n\n<p>Zum Ende machten die Zweckeler wieder etwas mehr Druck, mehr als ein zwei Minichancen brachten beide Teams jedoch nicht mehr zustand.<\/p>\n\n\n\n<p>Alles in allem war das Unentschieden f\u00fcr beide Gegner verdient, denn die Partie hatte keinen Sieger verdient. Ob diese Partie f\u00fcr Kirchhellen oder Zweckel ein Punktgewinn oder -verlust ist, wird sich erst in den kommenden Spielen zeigen. Die Hausherren halten den Gegner mit sechs Punkten auf Distanz, haben allerdings bereits ein Spiel mehr absolviert als der VfB.<br \/>Kirchhellen hat auch noch Sorgen, denn das Team hat lediglich 2 Punkte Vorsprung auf den ersten Nichtabstiegsplatz, hat allerdings auch die M\u00f6glichkeit in den Spielen gegen drei Mitkonkurrenten (H\u00fcls, Hessler und Herne 70) Boden gut zu machen und den Nichtabstieg aus eigener Kraft zu schaffen.<\/p>\n\n\n\n<p>Die Zweckeler haben ein schwieriges Restprogramm (Hassel, Herne-S\u00fcd, Marokko Herne, H\u00fcls und Bulmke) zu erf\u00fcllen und k\u00f6nnen mit einem weiteren Sieg das Abstiegsgespenst vertreiben. <\/p>\n","protected":false},"excerpt":{"rendered":"<p>SV Zweckel &#8211; VfB Kirchhellen 0:0 Vor guter Zuschauerkulisse trafen sich der SV Zweckel und der VfB Kirchhellen zum Derby in der Uli Simon Arena. Beide Mannschaften begannen gar nicht verhalten, sondern suchten ihr Heil in der Offensive. Nach zwei Minichancen auf beiden Seiten wusste Moritz Heidenreich in der 6. Minute mit einer Rettungstat vor [&hellip;]<\/p>\n","protected":false},"author":3,"featured_media":17987,"comment_status":"open","ping_status":"","sticky":false,"template":"","format":"standard","meta":{"_jetpack_memberships_contains_paid_content":false,"footnotes":"","jetpack_publicize_message":"","jetpack_publicize_feature_enabled":true,"jetpack_social_post_already_shared":true,"jetpack_social_options":{"image_generator_settings":{"template":"highway","default_image_id":0,"font":"","enabled":false},"version":2}},"categories":[3],"tags":[],"class_list":["post-17990","post","type-post","status-publish","format-standard","has-post-thumbnail","hentry","category-allgemein"],"jetpack_publicize_connections":[],"jetpack_featured_media_url":"https:\/\/i0.wp.com\/www.svzweckel.de\/wp-content\/uploads\/wp-17444529129961257702875036441194.jpg?fit=2000%2C1125&ssl=1","jetpack_sharing_enabled":true,"_links":{"self":[{"href":"https:\/\/www.svzweckel.de\/index.php?rest_route=\/wp\/v2\/posts\/17990","targetHints":{"allow":["GET"]}}],"collection":[{"href":"https:\/\/www.svzweckel.de\/index.php?rest_route=\/wp\/v2\/posts"}],"about":[{"href":"https:\/\/www.svzweckel.de\/index.php?rest_route=\/wp\/v2\/types\/post"}],"author":[{"embeddable":true,"href":"https:\/\/www.svzweckel.de\/index.php?rest_route=\/wp\/v2\/users\/3"}],"replies":[{"embeddable":true,"href":"https:\/\/www.svzweckel.de\/index.php?rest_route=%2Fwp%2Fv2%2Fcomments&post=17990"}],"version-history":[{"count":2,"href":"https:\/\/www.svzweckel.de\/index.php?rest_route=\/wp\/v2\/posts\/17990\/revisions"}],"predecessor-version":[{"id":17992,"href":"https:\/\/www.svzweckel.de\/index.php?rest_route=\/wp\/v2\/posts\/17990\/revisions\/17992"}],"wp:featuredmedia":[{"embeddable":true,"href":"https:\/\/www.svzweckel.de\/index.php?rest_route=\/wp\/v2\/media\/17987"}],"wp:attachment":[{"href":"https:\/\/www.svzweckel.de\/index.php?rest_route=%2Fwp%2Fv2%2Fmedia&parent=17990"}],"wp:term":[{"taxonomy":"category","embeddable":true,"href":"https:\/\/www.svzweckel.de\/index.php?rest_route=%2Fwp%2Fv2%2Fcategories&post=17990"},{"taxonomy":"post_tag","embeddable":true,"href":"https:\/\/www.svzweckel.de\/index.php?rest_route=%2Fwp%2Fv2%2Ftags&post=17990"}],"curies":[{"name":"wp","href":"https:\/\/api.w.org\/{rel}","templated":true}]}}