{"id":1803,"date":"2015-01-15T21:38:46","date_gmt":"2015-01-15T21:38:46","guid":{"rendered":"http:\/\/www.svzweckel.de\/?p=1803"},"modified":"2015-01-16T14:07:39","modified_gmt":"2015-01-16T14:07:39","slug":"seyit-ersoy-stuermt-fuer-den-sv-zweckel","status":"publish","type":"post","link":"https:\/\/www.svzweckel.de\/?p=1803","title":{"rendered":"Seyit Ersoy st\u00fcrmt f\u00fcr den SV Zweckel"},"content":{"rendered":"<p>Trainer G\u00fcnter Appelt, der sportliche Leiter Andre Schwarz und der 1. Vorsitzende des SV Zweckel freuen sich \u00fcber die Verpflichtung von Seyit Ersoy, der vom Oberligakonkurrenten Spvg Hamm an die Dorstener Stra\u00dfe wechseln wird.<br \/>\nDie Hammer und der 27j\u00e4hrige St\u00fcrmer hatten noch vor Weihnachten den Vertrag in beiderseitigem Einvernehmen aufgel\u00f6st und der SV Zweckel bem\u00fchte sich intensiv um den Gelsenkirchener. Beide Parteien haben sich darauf geeinigt, dass der erfahrene St\u00fcrmer dem Tabellenvorletzten bis zum Saisonende helfen wird, den Abstieg zu vermeiden. Seyit Ersoy war bei namhaften Vereinen der Ober- und Regionalliga aktiv. In den vergangenen Jahren spielte der St\u00fcrmer unter anderem f\u00fcr Wattenscheid 09, SV Schermbeck, Viktoria K\u00f6ln, VfB H\u00fcls und den SC Hassel.<br \/>\nIn der Saison 07\/08 kickte er sochon einmal in Gladbeck. als er f\u00fcr die Germanen am Krusenkamp aktiv war. In Zweckel trifft er auf einige Mitspieler (Kljajci, Isssa und Ucar), mit denen er schon in Schermbeck bzw. Wattenscheid zusammen spielte. Das d\u00fcrfte ihm den Einstieg in die Mannschaft erleichtern.<\/p>\n","protected":false},"excerpt":{"rendered":"<p>Trainer G\u00fcnter Appelt, der sportliche Leiter Andre Schwarz und der 1. Vorsitzende des SV Zweckel freuen sich \u00fcber die Verpflichtung von Seyit Ersoy, der vom Oberligakonkurrenten Spvg Hamm an die Dorstener Stra\u00dfe wechseln wird. Die Hammer und der 27j\u00e4hrige St\u00fcrmer hatten noch vor Weihnachten den Vertrag in beiderseitigem Einvernehmen aufgel\u00f6st und der SV Zweckel bem\u00fchte [&hellip;]<\/p>\n","protected":false},"author":3,"featured_media":0,"comment_status":"open","ping_status":"open","sticky":false,"template":"","format":"standard","meta":{"_jetpack_memberships_contains_paid_content":false,"footnotes":"","jetpack_publicize_message":"","jetpack_publicize_feature_enabled":true,"jetpack_social_post_already_shared":false,"jetpack_social_options":{"image_generator_settings":{"template":"highway","default_image_id":0,"font":"","enabled":false},"version":2}},"categories":[2],"tags":[],"class_list":["post-1803","post","type-post","status-publish","format-standard","hentry","category-1-mannschaft"],"jetpack_publicize_connections":[],"jetpack_featured_media_url":"","jetpack_sharing_enabled":true,"_links":{"self":[{"href":"https:\/\/www.svzweckel.de\/index.php?rest_route=\/wp\/v2\/posts\/1803","targetHints":{"allow":["GET"]}}],"collection":[{"href":"https:\/\/www.svzweckel.de\/index.php?rest_route=\/wp\/v2\/posts"}],"about":[{"href":"https:\/\/www.svzweckel.de\/index.php?rest_route=\/wp\/v2\/types\/post"}],"author":[{"embeddable":true,"href":"https:\/\/www.svzweckel.de\/index.php?rest_route=\/wp\/v2\/users\/3"}],"replies":[{"embeddable":true,"href":"https:\/\/www.svzweckel.de\/index.php?rest_route=%2Fwp%2Fv2%2Fcomments&post=1803"}],"version-history":[{"count":0,"href":"https:\/\/www.svzweckel.de\/index.php?rest_route=\/wp\/v2\/posts\/1803\/revisions"}],"wp:attachment":[{"href":"https:\/\/www.svzweckel.de\/index.php?rest_route=%2Fwp%2Fv2%2Fmedia&parent=1803"}],"wp:term":[{"taxonomy":"category","embeddable":true,"href":"https:\/\/www.svzweckel.de\/index.php?rest_route=%2Fwp%2Fv2%2Fcategories&post=1803"},{"taxonomy":"post_tag","embeddable":true,"href":"https:\/\/www.svzweckel.de\/index.php?rest_route=%2Fwp%2Fv2%2Ftags&post=1803"}],"curies":[{"name":"wp","href":"https:\/\/api.w.org\/{rel}","templated":true}]}}