{"id":18077,"date":"2025-06-20T19:04:32","date_gmt":"2025-06-20T17:04:32","guid":{"rendered":"https:\/\/www.svzweckel.de\/?p=18077"},"modified":"2025-06-20T19:04:50","modified_gmt":"2025-06-20T17:04:50","slug":"rueckblick-und-ausblick-bei-der-ersten","status":"publish","type":"post","link":"https:\/\/www.svzweckel.de\/?p=18077","title":{"rendered":"R\u00fcckblick und Ausblick bei der Ersten"},"content":{"rendered":"\n<p>Die 1. Mannschaft des SV Zweckel beendete eine gute Bezirksligasaison auf dem 9. Tabellenplatz. Mit 34 Punkten und 50:57 Toren schlug sich die junge Mannschaft von Trainer Marc Bahl und Co-Trainer Albert Alex sehr gut und rangiert in der Abschlusstabelle einen Punkt bzw. Platz vor dem VfB Kirchhellen. <br \/>In der gesamten Spielzeit rangierte die Mannschaft nie auf einem Abstiegsplatz, erreichte in der Tabelle &#8211; mit Ausnahme der ersten f\u00fcnf Spiele &#8211; allerdings auch nie mehr als den 8. Tabellenplatz. Die Punkteausbeute wurde zu gleichen Anteilen (jeweils 17) ausw\u00e4rts und zu Hause geholt.<br \/>Eine noch bessere Ausbeute machten einige wenige Spiele zunichte, in denen die junge Mannschaft Lehrgeld zahlen musste. <br \/>In den Partien gegen die starken Gegner der Bezirksliga spielten die Zweckeler immer wieder auf Augenh\u00f6he mit, verpassten es aber h\u00e4ufiger die entscheidenden Tore zu schie\u00dfen trotz bester Gelegenheiten.<br \/>Treffsicherster Sch\u00fctze der Zweckeler war einmal mehr Kapit\u00e4n Jan Schwers, der mit 18 Treffern immerhin den 5. Platz in der Torj\u00e4gerliste der Bezirksliga belegte und das vor dem Hintergrund, dass er einige Spiele verletzungs- und berufsbedingt nicht zur Verf\u00fcgung stand. <br \/>Das Potenzial der jungen Truppe blitzte immer wieder auf und zeigte sich auch im Defensivverhalten, wenn das Trainerteam auf z. B. drei 18- bzw. 19j\u00e4hrige Jungspunde vertraute, die ihre Aufgabe mehr als ordentlich erledigten.<br \/>Dem Trainerteam mit den Betreuern Manfred Schwers und Waldemar &#8222;Waldi&#8220; Bahl kommt jetzt die Aufgabe zu, in der Saisonvorbereitung auf die kommende Bezirksligasaison eine Team zu formen, das mit Engagement und den gemachten Erfahrungen aus der vergangenen Spielzeit im Spiel mit &#8222;abgezockteren&#8220; Mannschaften Paroli bieten kann. <br \/>Das Team wird in Zukunft auf einige Mitspieler verzichten m\u00fcssen, die zu anderen Vereinen ziehen, allerdings haben die Zweckeler Verantwortlichen guten Ersatz gefunden, um eine gesunde Mischung aus hungrigen jungen und erfahrenen Spielern hinzubekommen.<br \/><br \/>Trainingsauftakt f\u00fcr die neue Spielzeit wird der 01. Juli sein.<\/p>\n","protected":false},"excerpt":{"rendered":"<p>Die 1. Mannschaft des SV Zweckel beendete eine gute Bezirksligasaison auf dem 9. Tabellenplatz. Mit 34 Punkten und 50:57 Toren schlug sich die junge Mannschaft von Trainer Marc Bahl und Co-Trainer Albert Alex sehr gut und rangiert in der Abschlusstabelle einen Punkt bzw. Platz vor dem VfB Kirchhellen. In der gesamten Spielzeit rangierte die Mannschaft [&hellip;]<\/p>\n","protected":false},"author":3,"featured_media":18076,"comment_status":"open","ping_status":"","sticky":false,"template":"","format":"standard","meta":{"_jetpack_memberships_contains_paid_content":false,"footnotes":"","jetpack_publicize_message":"","jetpack_publicize_feature_enabled":true,"jetpack_social_post_already_shared":true,"jetpack_social_options":{"image_generator_settings":{"template":"highway","default_image_id":0,"font":"","enabled":false},"version":2}},"categories":[3],"tags":[],"class_list":["post-18077","post","type-post","status-publish","format-standard","has-post-thumbnail","hentry","category-allgemein"],"jetpack_publicize_connections":[],"jetpack_featured_media_url":"https:\/\/i0.wp.com\/www.svzweckel.de\/wp-content\/uploads\/wp-17488580229066802460922924825797.jpg?fit=2000%2C1125&ssl=1","jetpack_sharing_enabled":true,"_links":{"self":[{"href":"https:\/\/www.svzweckel.de\/index.php?rest_route=\/wp\/v2\/posts\/18077","targetHints":{"allow":["GET"]}}],"collection":[{"href":"https:\/\/www.svzweckel.de\/index.php?rest_route=\/wp\/v2\/posts"}],"about":[{"href":"https:\/\/www.svzweckel.de\/index.php?rest_route=\/wp\/v2\/types\/post"}],"author":[{"embeddable":true,"href":"https:\/\/www.svzweckel.de\/index.php?rest_route=\/wp\/v2\/users\/3"}],"replies":[{"embeddable":true,"href":"https:\/\/www.svzweckel.de\/index.php?rest_route=%2Fwp%2Fv2%2Fcomments&post=18077"}],"version-history":[{"count":4,"href":"https:\/\/www.svzweckel.de\/index.php?rest_route=\/wp\/v2\/posts\/18077\/revisions"}],"predecessor-version":[{"id":18094,"href":"https:\/\/www.svzweckel.de\/index.php?rest_route=\/wp\/v2\/posts\/18077\/revisions\/18094"}],"wp:featuredmedia":[{"embeddable":true,"href":"https:\/\/www.svzweckel.de\/index.php?rest_route=\/wp\/v2\/media\/18076"}],"wp:attachment":[{"href":"https:\/\/www.svzweckel.de\/index.php?rest_route=%2Fwp%2Fv2%2Fmedia&parent=18077"}],"wp:term":[{"taxonomy":"category","embeddable":true,"href":"https:\/\/www.svzweckel.de\/index.php?rest_route=%2Fwp%2Fv2%2Fcategories&post=18077"},{"taxonomy":"post_tag","embeddable":true,"href":"https:\/\/www.svzweckel.de\/index.php?rest_route=%2Fwp%2Fv2%2Ftags&post=18077"}],"curies":[{"name":"wp","href":"https:\/\/api.w.org\/{rel}","templated":true}]}}