{"id":18228,"date":"2025-07-29T17:48:30","date_gmt":"2025-07-29T15:48:30","guid":{"rendered":"https:\/\/www.svzweckel.de\/?p=18228"},"modified":"2025-07-29T17:48:30","modified_gmt":"2025-07-29T15:48:30","slug":"sv-zweckel-ii-ist-stadtmeister-2025-der-reserveteam-revanche-geglueckt-pokal-in-der-uli-simon-arena-ueberreicht","status":"publish","type":"post","link":"https:\/\/www.svzweckel.de\/?p=18228","title":{"rendered":"SV Zweckel II ist Stadtmeister 2025 der Reserveteam \u2013 Revanche gegl\u00fcckt, Pokal in der Uli-Simon-Arena \u00fcberreicht"},"content":{"rendered":"\n<p>Die 2. Mannschaft des SV Zweckel hat sich bei der Gladbecker Feldstadtmeisterschaft 2025 in der heimischen Uli-Simon-Arena den Titel gesichert \u2013 und das auf beeindruckende Weise. Nach einer Vorrunden-Niederlage gegen Preu\u00dfen Gladbeck II revanchierte sich das Team von Trainer Mike Theis im Finale mit einem klaren 5:1-Sieg \u2013 und durfte am Ende ganz oben auf dem Podest jubeln.<\/p>\n\n\n\n<h4 class=\"wp-block-heading\"><strong>Turnierverlauf im \u00dcberblick:<\/strong><\/h4>\n\n\n\n<ul class=\"wp-block-list\">\n<li><strong>Vorrunde:<\/strong><br \/>&#x274c; 0:1 gegen Preu\u00dfen Gladbeck II<br \/>&#x2705; 1:0 gegen BV Rentfort IV<\/li>\n\n\n\n<li><strong>Halbfinale:<\/strong><br \/>&#x2705; 1:0 gegen BV Rentfort II<\/li>\n\n\n\n<li><strong>Finale:<\/strong><br \/>&#x2705; 5:1 gegen Preu\u00dfen Gladbeck II \u2013 mit einem Dreierpack von Naby Camara, der unter anderem mit einem Traumtor aus 18 Metern in den Winkel gl\u00e4nzte.<\/li>\n<\/ul>\n\n\n\n<p>Nach dem Schlusspfiff folgte der H\u00f6hepunkt des Tages: Gladbecks B\u00fcrgermeisterin Bettina Weist pers\u00f6nlich \u00fcberreichte dem SV Zweckel II den Siegerpokal \u2013 unter lautem Applaus der Zuschauer und Anh\u00e4nger beider Mannschaften. Die Mannschaft feierte ausgelassen auf dem Platz \u2013 die Freude \u00fcber den Titelgewinn in der eigenen Arena war riesig.<\/p>\n\n\n\n<h4 class=\"wp-block-heading has-medium-font-size\"><strong>Trainer Mike Theis \u00fcbergl\u00fccklich:<\/strong><\/h4>\n\n\n\n<blockquote class=\"wp-block-quote is-layout-flow wp-block-quote-is-layout-flow\">\n<p><em>\u201eNach dem schwierigen Start haben sich die Jungs fantastisch zur\u00fcckgek\u00e4mpft. In der eigenen Arena den Pokal \u00fcberreicht zu bekommen \u2013 sch\u00f6ner kann man Stadtmeister nicht werden!\u201c<\/em><\/p>\n<\/blockquote>\n\n\n\n<p>Der SV Zweckel II ist damit Stadtmeister 2025 \u2013 und hat sich mit Teamgeist, Cleverness und einem \u00fcberragenden Naby Camara verdient an die Spitze der Gladbecker Reserveteams gesetzt.<br \/><\/p>\n","protected":false},"excerpt":{"rendered":"<p>Die 2. Mannschaft des SV Zweckel hat sich bei der Gladbecker Feldstadtmeisterschaft 2025 in der heimischen Uli-Simon-Arena den Titel gesichert \u2013 und das auf beeindruckende Weise. Nach einer Vorrunden-Niederlage gegen Preu\u00dfen Gladbeck II revanchierte sich das Team von Trainer Mike Theis im Finale mit einem klaren 5:1-Sieg \u2013 und durfte am Ende ganz oben auf [&hellip;]<\/p>\n","protected":false},"author":3,"featured_media":18225,"comment_status":"open","ping_status":"","sticky":false,"template":"","format":"standard","meta":{"_jetpack_memberships_contains_paid_content":false,"footnotes":"","jetpack_publicize_message":"","jetpack_publicize_feature_enabled":true,"jetpack_social_post_already_shared":true,"jetpack_social_options":{"image_generator_settings":{"template":"highway","default_image_id":0,"font":"","enabled":false},"version":2}},"categories":[3],"tags":[],"class_list":["post-18228","post","type-post","status-publish","format-standard","has-post-thumbnail","hentry","category-allgemein"],"jetpack_publicize_connections":[],"jetpack_featured_media_url":"https:\/\/i0.wp.com\/www.svzweckel.de\/wp-content\/uploads\/wp-17537141836227174026499487933792.jpg?fit=2000%2C1125&ssl=1","jetpack_sharing_enabled":true,"_links":{"self":[{"href":"https:\/\/www.svzweckel.de\/index.php?rest_route=\/wp\/v2\/posts\/18228","targetHints":{"allow":["GET"]}}],"collection":[{"href":"https:\/\/www.svzweckel.de\/index.php?rest_route=\/wp\/v2\/posts"}],"about":[{"href":"https:\/\/www.svzweckel.de\/index.php?rest_route=\/wp\/v2\/types\/post"}],"author":[{"embeddable":true,"href":"https:\/\/www.svzweckel.de\/index.php?rest_route=\/wp\/v2\/users\/3"}],"replies":[{"embeddable":true,"href":"https:\/\/www.svzweckel.de\/index.php?rest_route=%2Fwp%2Fv2%2Fcomments&post=18228"}],"version-history":[{"count":2,"href":"https:\/\/www.svzweckel.de\/index.php?rest_route=\/wp\/v2\/posts\/18228\/revisions"}],"predecessor-version":[{"id":18231,"href":"https:\/\/www.svzweckel.de\/index.php?rest_route=\/wp\/v2\/posts\/18228\/revisions\/18231"}],"wp:featuredmedia":[{"embeddable":true,"href":"https:\/\/www.svzweckel.de\/index.php?rest_route=\/wp\/v2\/media\/18225"}],"wp:attachment":[{"href":"https:\/\/www.svzweckel.de\/index.php?rest_route=%2Fwp%2Fv2%2Fmedia&parent=18228"}],"wp:term":[{"taxonomy":"category","embeddable":true,"href":"https:\/\/www.svzweckel.de\/index.php?rest_route=%2Fwp%2Fv2%2Fcategories&post=18228"},{"taxonomy":"post_tag","embeddable":true,"href":"https:\/\/www.svzweckel.de\/index.php?rest_route=%2Fwp%2Fv2%2Ftags&post=18228"}],"curies":[{"name":"wp","href":"https:\/\/api.w.org\/{rel}","templated":true}]}}