{"id":18232,"date":"2025-07-29T18:00:49","date_gmt":"2025-07-29T16:00:49","guid":{"rendered":"https:\/\/www.svzweckel.de\/?p=18232"},"modified":"2025-07-29T18:00:49","modified_gmt":"2025-07-29T16:00:49","slug":"blamage-fuer-den-sv-zweckel-bei-den-feldstadtmeisterschaften-2025","status":"publish","type":"post","link":"https:\/\/www.svzweckel.de\/?p=18232","title":{"rendered":"Blamage f\u00fcr den SV Zweckel bei den Feldstadtmeisterschaften 2025"},"content":{"rendered":"\n<p>Die 1. Mannschaft des SV Zweckel hat sich auf eigenem Platz in der Uli Simon Arena bis auf die Knochen blamiert.<\/p>\n\n\n\n<p>In der von vielen Experten als leicht eingestuften Gruppe mit dem Sieger der Reservemannschaften, der eigen Zweiten, Wacker Gladbeck und FSM galten die Zweckeler als haushohe Favoriten. Als einziger Bezirksligist gingen alle Kenner der heimischen Fu\u00dfballszene davon aus, dass die Zweckeler zumindest in die Zwischenrunde kommen sollten. Dem war mitnichten so, denn die Zweckeler konnten in drei Spielen kein einziges Tor erzielen. <\/p>\n\n\n\n<p>Nat\u00fcrlich hatte der Bezirksligist in den drei Spielen \u00fcber eine Distanz von jeweils 25 Minuten gro\u00dfe Ballbesitzanteile, es gelang jedoch nie, die sich bietenden Chancen auch in Tore umzum\u00fcnzen.  <\/p>\n\n\n\n<p>Im letzten Vorrundenspiel traf die Mannschaft auf die eigene Reserve und musste sich abermals mit einem 0:0 begn\u00fcgen, obwohl die Zweite nach dem Titelgewinn am Vortag alles andere als taufrisch war und sichtlich wankte.<\/p>\n\n\n\n<p>Mit Kampfgeist und Einsatz machte die Reserve jedoch die spielerischen Defizite wett und erk\u00e4mpfte sich eine verdientes Unentschieden, mit welchem sie vor der eigenen Ersten in das Halfinale einzog. Dort war nach einer 3:0-Niederlage gegen den sp\u00e4teren Stadtmeister Preu\u00dfen Gladbeck (siehe Bild) allerdings Schluss.<\/p>\n\n\n\n<p>Die 1. Mannschaft entt\u00e4uschte alle Mitglieder und Fans auf ganzer Linie und muss sich in den n\u00e4chsten Vorbereitungsspielen m\u00e4chtig ins Zeug legen, um den fatalen Eindruck vom letzten Sonntag wieder wettmachen zu k\u00f6nnen. <\/p>\n","protected":false},"excerpt":{"rendered":"<p>Die 1. Mannschaft des SV Zweckel hat sich auf eigenem Platz in der Uli Simon Arena bis auf die Knochen blamiert. In der von vielen Experten als leicht eingestuften Gruppe mit dem Sieger der Reservemannschaften, der eigen Zweiten, Wacker Gladbeck und FSM galten die Zweckeler als haushohe Favoriten. Als einziger Bezirksligist gingen alle Kenner der [&hellip;]<\/p>\n","protected":false},"author":3,"featured_media":18234,"comment_status":"open","ping_status":"","sticky":false,"template":"","format":"standard","meta":{"_jetpack_memberships_contains_paid_content":false,"footnotes":"","jetpack_publicize_message":"","jetpack_publicize_feature_enabled":true,"jetpack_social_post_already_shared":true,"jetpack_social_options":{"image_generator_settings":{"template":"highway","default_image_id":0,"font":"","enabled":false},"version":2}},"categories":[3],"tags":[],"class_list":["post-18232","post","type-post","status-publish","format-standard","has-post-thumbnail","hentry","category-allgemein"],"jetpack_publicize_connections":[],"jetpack_featured_media_url":"https:\/\/i0.wp.com\/www.svzweckel.de\/wp-content\/uploads\/wp-17538043180608032878864911286805.jpg?fit=2000%2C1125&ssl=1","jetpack_sharing_enabled":true,"_links":{"self":[{"href":"https:\/\/www.svzweckel.de\/index.php?rest_route=\/wp\/v2\/posts\/18232","targetHints":{"allow":["GET"]}}],"collection":[{"href":"https:\/\/www.svzweckel.de\/index.php?rest_route=\/wp\/v2\/posts"}],"about":[{"href":"https:\/\/www.svzweckel.de\/index.php?rest_route=\/wp\/v2\/types\/post"}],"author":[{"embeddable":true,"href":"https:\/\/www.svzweckel.de\/index.php?rest_route=\/wp\/v2\/users\/3"}],"replies":[{"embeddable":true,"href":"https:\/\/www.svzweckel.de\/index.php?rest_route=%2Fwp%2Fv2%2Fcomments&post=18232"}],"version-history":[{"count":1,"href":"https:\/\/www.svzweckel.de\/index.php?rest_route=\/wp\/v2\/posts\/18232\/revisions"}],"predecessor-version":[{"id":18235,"href":"https:\/\/www.svzweckel.de\/index.php?rest_route=\/wp\/v2\/posts\/18232\/revisions\/18235"}],"wp:featuredmedia":[{"embeddable":true,"href":"https:\/\/www.svzweckel.de\/index.php?rest_route=\/wp\/v2\/media\/18234"}],"wp:attachment":[{"href":"https:\/\/www.svzweckel.de\/index.php?rest_route=%2Fwp%2Fv2%2Fmedia&parent=18232"}],"wp:term":[{"taxonomy":"category","embeddable":true,"href":"https:\/\/www.svzweckel.de\/index.php?rest_route=%2Fwp%2Fv2%2Fcategories&post=18232"},{"taxonomy":"post_tag","embeddable":true,"href":"https:\/\/www.svzweckel.de\/index.php?rest_route=%2Fwp%2Fv2%2Ftags&post=18232"}],"curies":[{"name":"wp","href":"https:\/\/api.w.org\/{rel}","templated":true}]}}