{"id":18237,"date":"2025-07-29T18:12:38","date_gmt":"2025-07-29T16:12:38","guid":{"rendered":"https:\/\/www.svzweckel.de\/?p=18237"},"modified":"2025-07-29T18:15:51","modified_gmt":"2025-07-29T16:15:51","slug":"kaefig-parkplatz-war-gut-gefuellt","status":"publish","type":"post","link":"https:\/\/www.svzweckel.de\/?p=18237","title":{"rendered":"&#8222;K\u00e4fig-Parkplatz&#8220; war gut gef\u00fcllt"},"content":{"rendered":"\n<p>Der Ausweichparkplatz im alten K\u00e4fig an der Dorstener Stra\u00dfe war w\u00e4hrend der Stadtmeisterschaft der Fu\u00dfaller letzten Wochenende fast immer ausgebucht.<br \/>Durch diese mit der Stadt Gladbeck abgesprochene Ma\u00dfnahme konnte der Parkdruck um den Zweckeler Sportplatz genommen werden.<\/p>\n\n\n\n<p><\/p>\n","protected":false},"excerpt":{"rendered":"<p>Der Ausweichparkplatz im alten K\u00e4fig an der Dorstener Stra\u00dfe war w\u00e4hrend der Stadtmeisterschaft der Fu\u00dfaller letzten Wochenende fast immer ausgebucht.Durch diese mit der Stadt Gladbeck abgesprochene Ma\u00dfnahme konnte der Parkdruck um den Zweckeler Sportplatz genommen werden.<\/p>\n","protected":false},"author":3,"featured_media":18243,"comment_status":"open","ping_status":"","sticky":false,"template":"","format":"standard","meta":{"_jetpack_memberships_contains_paid_content":false,"footnotes":"","jetpack_publicize_message":"","jetpack_publicize_feature_enabled":true,"jetpack_social_post_already_shared":true,"jetpack_social_options":{"image_generator_settings":{"template":"highway","default_image_id":0,"font":"","enabled":false},"version":2}},"categories":[3],"tags":[],"class_list":["post-18237","post","type-post","status-publish","format-standard","has-post-thumbnail","hentry","category-allgemein"],"jetpack_publicize_connections":[],"jetpack_featured_media_url":"https:\/\/i0.wp.com\/www.svzweckel.de\/wp-content\/uploads\/Kaefig-Parkplatz.jpg?fit=2000%2C1125&ssl=1","jetpack_sharing_enabled":true,"_links":{"self":[{"href":"https:\/\/www.svzweckel.de\/index.php?rest_route=\/wp\/v2\/posts\/18237","targetHints":{"allow":["GET"]}}],"collection":[{"href":"https:\/\/www.svzweckel.de\/index.php?rest_route=\/wp\/v2\/posts"}],"about":[{"href":"https:\/\/www.svzweckel.de\/index.php?rest_route=\/wp\/v2\/types\/post"}],"author":[{"embeddable":true,"href":"https:\/\/www.svzweckel.de\/index.php?rest_route=\/wp\/v2\/users\/3"}],"replies":[{"embeddable":true,"href":"https:\/\/www.svzweckel.de\/index.php?rest_route=%2Fwp%2Fv2%2Fcomments&post=18237"}],"version-history":[{"count":4,"href":"https:\/\/www.svzweckel.de\/index.php?rest_route=\/wp\/v2\/posts\/18237\/revisions"}],"predecessor-version":[{"id":18241,"href":"https:\/\/www.svzweckel.de\/index.php?rest_route=\/wp\/v2\/posts\/18237\/revisions\/18241"}],"wp:featuredmedia":[{"embeddable":true,"href":"https:\/\/www.svzweckel.de\/index.php?rest_route=\/wp\/v2\/media\/18243"}],"wp:attachment":[{"href":"https:\/\/www.svzweckel.de\/index.php?rest_route=%2Fwp%2Fv2%2Fmedia&parent=18237"}],"wp:term":[{"taxonomy":"category","embeddable":true,"href":"https:\/\/www.svzweckel.de\/index.php?rest_route=%2Fwp%2Fv2%2Fcategories&post=18237"},{"taxonomy":"post_tag","embeddable":true,"href":"https:\/\/www.svzweckel.de\/index.php?rest_route=%2Fwp%2Fv2%2Ftags&post=18237"}],"curies":[{"name":"wp","href":"https:\/\/api.w.org\/{rel}","templated":true}]}}