{"id":18245,"date":"2025-08-01T10:55:17","date_gmt":"2025-08-01T08:55:17","guid":{"rendered":"https:\/\/www.svzweckel.de\/?p=18245"},"modified":"2025-08-01T10:55:17","modified_gmt":"2025-08-01T08:55:17","slug":"saisoneroeffnung-beim-sv-zweckel-am-02-august","status":"publish","type":"post","link":"https:\/\/www.svzweckel.de\/?p=18245","title":{"rendered":"Saisoner\u00f6ffnung beim SV Zweckel am 02. August"},"content":{"rendered":"\n<p>&#x1f4c5; <strong>Samstag, 02. August 2025<\/strong><br \/>&#x1f553; <strong>ab 16:00 Uhr<\/strong><br \/>&#x1f4cd; <strong>Uli Simon Arena<\/strong><\/p>\n\n\n\n<p>Der SV Zweckel l\u00e4dt herzlich zur gro\u00dfen <strong>Saisoner\u00f6ffnung<\/strong> ein!<\/p>\n\n\n\n<p>&#x1f525; <strong>Leckeres vom Grill<\/strong><br \/>&#x1f37a; <strong>Frisch Gezapftes<\/strong><br \/>&#x26bd; <strong>Fu\u00dfball, Freunde &amp; Vereinsleben<\/strong><\/p>\n\n\n\n<p>&#x1f3a4; <strong>Teamvorstellung um 17:00 Uhr<\/strong><br \/>Lernt unsere <strong>Seniorenmannschaften<\/strong>, <strong>Darter<\/strong> und <strong>Walking Footballer<\/strong> kennen \u2013 die Abteilungen stellen sich vor!<\/p>\n\n\n\n<p>&#x1f4b8; <strong>Alles f\u00fcr nur 2\u202f\u20ac<\/strong> \u2013 Essen und Trinken!<\/p>\n\n\n\n<p>Kommt vorbei, verbringt einen tollen Nachmittag und startet mit uns in die neue Saison 2025\/26!<\/p>\n\n\n\n<figure class=\"wp-block-image size-large\"><img data-recalc-dims=\"1\" loading=\"lazy\" decoding=\"async\" width=\"566\" height=\"800\" src=\"https:\/\/i0.wp.com\/www.svzweckel.de\/wp-content\/uploads\/Saisoneroeffnung.jpg?resize=566%2C800&#038;ssl=1\" alt=\"\" class=\"wp-image-18246\" srcset=\"https:\/\/i0.wp.com\/www.svzweckel.de\/wp-content\/uploads\/Saisoneroeffnung.jpg?resize=566%2C800&amp;ssl=1 566w, https:\/\/i0.wp.com\/www.svzweckel.de\/wp-content\/uploads\/Saisoneroeffnung.jpg?resize=212%2C300&amp;ssl=1 212w, https:\/\/i0.wp.com\/www.svzweckel.de\/wp-content\/uploads\/Saisoneroeffnung.jpg?resize=106%2C150&amp;ssl=1 106w, https:\/\/i0.wp.com\/www.svzweckel.de\/wp-content\/uploads\/Saisoneroeffnung.jpg?resize=768%2C1086&amp;ssl=1 768w, https:\/\/i0.wp.com\/www.svzweckel.de\/wp-content\/uploads\/Saisoneroeffnung.jpg?resize=1086%2C1536&amp;ssl=1 1086w, https:\/\/i0.wp.com\/www.svzweckel.de\/wp-content\/uploads\/Saisoneroeffnung.jpg?resize=150%2C212&amp;ssl=1 150w, https:\/\/i0.wp.com\/www.svzweckel.de\/wp-content\/uploads\/Saisoneroeffnung.jpg?resize=71%2C100&amp;ssl=1 71w, https:\/\/i0.wp.com\/www.svzweckel.de\/wp-content\/uploads\/Saisoneroeffnung.jpg?resize=35%2C50&amp;ssl=1 35w, https:\/\/i0.wp.com\/www.svzweckel.de\/wp-content\/uploads\/Saisoneroeffnung.jpg?resize=18%2C25&amp;ssl=1 18w, https:\/\/i0.wp.com\/www.svzweckel.de\/wp-content\/uploads\/Saisoneroeffnung.jpg?resize=226%2C320&amp;ssl=1 226w, https:\/\/i0.wp.com\/www.svzweckel.de\/wp-content\/uploads\/Saisoneroeffnung.jpg?resize=85%2C120&amp;ssl=1 85w, https:\/\/i0.wp.com\/www.svzweckel.de\/wp-content\/uploads\/Saisoneroeffnung.jpg?w=1131&amp;ssl=1 1131w\" sizes=\"auto, (max-width: 566px) 100vw, 566px\" \/><\/figure>\n","protected":false},"excerpt":{"rendered":"<p>&#x1f4c5; Samstag, 02. August 2025&#x1f553; ab 16:00 Uhr&#x1f4cd; Uli Simon Arena Der SV Zweckel l\u00e4dt herzlich zur gro\u00dfen Saisoner\u00f6ffnung ein! &#x1f525; Leckeres vom Grill&#x1f37a; Frisch Gezapftes&#x26bd; Fu\u00dfball, Freunde &amp; Vereinsleben &#x1f3a4; Teamvorstellung um 17:00 UhrLernt unsere Seniorenmannschaften, Darter und Walking Footballer kennen \u2013 die Abteilungen stellen sich vor! &#x1f4b8; Alles f\u00fcr nur 2\u202f\u20ac \u2013 Essen [&hellip;]<\/p>\n","protected":false},"author":3,"featured_media":18247,"comment_status":"open","ping_status":"","sticky":false,"template":"","format":"standard","meta":{"_jetpack_memberships_contains_paid_content":false,"footnotes":"","jetpack_publicize_message":"","jetpack_publicize_feature_enabled":true,"jetpack_social_post_already_shared":true,"jetpack_social_options":{"image_generator_settings":{"template":"highway","default_image_id":0,"font":"","enabled":false},"version":2}},"categories":[3],"tags":[],"class_list":["post-18245","post","type-post","status-publish","format-standard","has-post-thumbnail","hentry","category-allgemein"],"jetpack_publicize_connections":[],"jetpack_featured_media_url":"https:\/\/i0.wp.com\/www.svzweckel.de\/wp-content\/uploads\/DJI_0427-Gross.jpg?fit=1920%2C1080&ssl=1","jetpack_sharing_enabled":true,"_links":{"self":[{"href":"https:\/\/www.svzweckel.de\/index.php?rest_route=\/wp\/v2\/posts\/18245","targetHints":{"allow":["GET"]}}],"collection":[{"href":"https:\/\/www.svzweckel.de\/index.php?rest_route=\/wp\/v2\/posts"}],"about":[{"href":"https:\/\/www.svzweckel.de\/index.php?rest_route=\/wp\/v2\/types\/post"}],"author":[{"embeddable":true,"href":"https:\/\/www.svzweckel.de\/index.php?rest_route=\/wp\/v2\/users\/3"}],"replies":[{"embeddable":true,"href":"https:\/\/www.svzweckel.de\/index.php?rest_route=%2Fwp%2Fv2%2Fcomments&post=18245"}],"version-history":[{"count":1,"href":"https:\/\/www.svzweckel.de\/index.php?rest_route=\/wp\/v2\/posts\/18245\/revisions"}],"predecessor-version":[{"id":18248,"href":"https:\/\/www.svzweckel.de\/index.php?rest_route=\/wp\/v2\/posts\/18245\/revisions\/18248"}],"wp:featuredmedia":[{"embeddable":true,"href":"https:\/\/www.svzweckel.de\/index.php?rest_route=\/wp\/v2\/media\/18247"}],"wp:attachment":[{"href":"https:\/\/www.svzweckel.de\/index.php?rest_route=%2Fwp%2Fv2%2Fmedia&parent=18245"}],"wp:term":[{"taxonomy":"category","embeddable":true,"href":"https:\/\/www.svzweckel.de\/index.php?rest_route=%2Fwp%2Fv2%2Fcategories&post=18245"},{"taxonomy":"post_tag","embeddable":true,"href":"https:\/\/www.svzweckel.de\/index.php?rest_route=%2Fwp%2Fv2%2Ftags&post=18245"}],"curies":[{"name":"wp","href":"https:\/\/api.w.org\/{rel}","templated":true}]}}