{"id":18274,"date":"2025-08-11T13:20:44","date_gmt":"2025-08-11T11:20:44","guid":{"rendered":"https:\/\/www.svzweckel.de\/?p=18274"},"modified":"2025-08-11T13:20:44","modified_gmt":"2025-08-11T11:20:44","slug":"sv-zweckel-stolpert-zum-auftakt-15-klatsche-gegen-erler-spielverein","status":"publish","type":"post","link":"https:\/\/www.svzweckel.de\/?p=18274","title":{"rendered":"SV Zweckel stolpert zum Auftakt \u2013 1:5-Klatsche gegen Erler Spielverein"},"content":{"rendered":"\n<p>Der SV Zweckel hat einen rabenschwarzen Start in die neue Bezirksliga-Saison erwischt. Gegen den Erler Spielverein lag das Team schon nach einer halben Stunde aussichtslos zur\u00fcck \u2013 beg\u00fcnstigt durch haarstr\u00e4ubende individuelle Fehler.<\/p>\n\n\n\n<p>Bereits in der 3. Minute gerieten die Gr\u00fcn-Schwarzen durch ein ungl\u00fcckliches Eigentor in R\u00fcckstand. Erle legte eiskalt nach: In der 7., 15. und 27. Minute trafen die G\u00e4ste erneut und stellten auf 0:4. Es mangelte an Abstimmung und Absprachen in der Defensive, so dass Erle leicht zu drei weiteren Treffern gelangte. <br \/>Nach drei Wechseln zu Beginn des zweiten Durchgangs stabilisierte sich die Defensive etwas. Serkan K\u00f6se erzielte per Elfmeter den Ehrentreffer f\u00fcr Zweckel, bevor Erle kurz vor Schluss noch einmal zum 1:5-Endstand nachlegte.<\/p>\n\n\n\n<p>Nun gilt es f\u00fcr Zweckel, die individuellen Patzer schnell zu analysieren und sich deutlich kompakter zu pr\u00e4sentieren, um nicht schon fr\u00fch in der Saison unter Druck zu geraten.<\/p>\n","protected":false},"excerpt":{"rendered":"<p>Der SV Zweckel hat einen rabenschwarzen Start in die neue Bezirksliga-Saison erwischt. Gegen den Erler Spielverein lag das Team schon nach einer halben Stunde aussichtslos zur\u00fcck \u2013 beg\u00fcnstigt durch haarstr\u00e4ubende individuelle Fehler. Bereits in der 3. Minute gerieten die Gr\u00fcn-Schwarzen durch ein ungl\u00fcckliches Eigentor in R\u00fcckstand. Erle legte eiskalt nach: In der 7., 15. und [&hellip;]<\/p>\n","protected":false},"author":3,"featured_media":18276,"comment_status":"open","ping_status":"","sticky":false,"template":"","format":"standard","meta":{"_jetpack_memberships_contains_paid_content":false,"footnotes":"","jetpack_publicize_message":"","jetpack_publicize_feature_enabled":true,"jetpack_social_post_already_shared":true,"jetpack_social_options":{"image_generator_settings":{"template":"highway","default_image_id":0,"font":"","enabled":false},"version":2}},"categories":[3],"tags":[],"class_list":["post-18274","post","type-post","status-publish","format-standard","has-post-thumbnail","hentry","category-allgemein"],"jetpack_publicize_connections":[],"jetpack_featured_media_url":"https:\/\/i0.wp.com\/www.svzweckel.de\/wp-content\/uploads\/PXL_20250810_130518350.MP-Gross.jpg?fit=1920%2C1080&ssl=1","jetpack_sharing_enabled":true,"_links":{"self":[{"href":"https:\/\/www.svzweckel.de\/index.php?rest_route=\/wp\/v2\/posts\/18274","targetHints":{"allow":["GET"]}}],"collection":[{"href":"https:\/\/www.svzweckel.de\/index.php?rest_route=\/wp\/v2\/posts"}],"about":[{"href":"https:\/\/www.svzweckel.de\/index.php?rest_route=\/wp\/v2\/types\/post"}],"author":[{"embeddable":true,"href":"https:\/\/www.svzweckel.de\/index.php?rest_route=\/wp\/v2\/users\/3"}],"replies":[{"embeddable":true,"href":"https:\/\/www.svzweckel.de\/index.php?rest_route=%2Fwp%2Fv2%2Fcomments&post=18274"}],"version-history":[{"count":1,"href":"https:\/\/www.svzweckel.de\/index.php?rest_route=\/wp\/v2\/posts\/18274\/revisions"}],"predecessor-version":[{"id":18275,"href":"https:\/\/www.svzweckel.de\/index.php?rest_route=\/wp\/v2\/posts\/18274\/revisions\/18275"}],"wp:featuredmedia":[{"embeddable":true,"href":"https:\/\/www.svzweckel.de\/index.php?rest_route=\/wp\/v2\/media\/18276"}],"wp:attachment":[{"href":"https:\/\/www.svzweckel.de\/index.php?rest_route=%2Fwp%2Fv2%2Fmedia&parent=18274"}],"wp:term":[{"taxonomy":"category","embeddable":true,"href":"https:\/\/www.svzweckel.de\/index.php?rest_route=%2Fwp%2Fv2%2Fcategories&post=18274"},{"taxonomy":"post_tag","embeddable":true,"href":"https:\/\/www.svzweckel.de\/index.php?rest_route=%2Fwp%2Fv2%2Ftags&post=18274"}],"curies":[{"name":"wp","href":"https:\/\/api.w.org\/{rel}","templated":true}]}}