{"id":18277,"date":"2025-08-15T18:36:06","date_gmt":"2025-08-15T16:36:06","guid":{"rendered":"https:\/\/www.svzweckel.de\/?p=18277"},"modified":"2025-08-15T18:36:06","modified_gmt":"2025-08-15T16:36:06","slug":"erstes-auswaertsspiel-beim-vfb-huels","status":"publish","type":"post","link":"https:\/\/www.svzweckel.de\/?p=18277","title":{"rendered":"Erstes Ausw\u00e4rtsspiel beim VfB H\u00fcls"},"content":{"rendered":"\n<p>Sonntag, 17.08.25, 15:00 Uhr: VfB H\u00fcls &#8211; SV Zweckel<\/p>\n\n\n\n<p>Nach der Heimspielniederlage zum Auftakt gegen den Erler SV m\u00fcssen die Schwarz-Gr\u00fcnen im Evonik-Sportpark beim VfB H\u00fcls antreten. <br \/>Die Gastgeber haben im ersten Spiel der Saison beim Aufsteiger SV Hochlar 28 ein 2:2-Unentschieden erzielt und werden jetzt im heimischen Stadion den ersten Sieg einfahren wollen.<\/p>\n\n\n\n<p>Der SV Zweckel hat am Donnerstag beim B-Ligisten VfL Resse im Pokalspiel einen ungef\u00e4hrdeten 0:5-Sieg eingefahren und etwas seine Wunden geleckt. Beim VfB H\u00fcls wollen die Zweckeler die ersten Punkte der Saison einfahren. Das wird allerdings eine gro\u00dfe Herausforderung, denn die Zweckeler befinden sich noch nicht in bester Verfassung. Es wird auch am kommenden Sonntag auf die richtige Einstellung ankommen, denn nur dann werden die Zweckeler auch Z\u00e4hlbares aus H\u00fcls mitbringen. Sie werden die Tugenden Kampf, Laufbereitschaft und Einsatzwillen an den Tag legen m\u00fcssen um den Gegner zu besiegen.<\/p>\n\n\n\n<p>Au\u00dferdem wird es f\u00fcr das Team eminent wichtig sein, konzentriert an das Spiel heranzugehen und die individuellen Fehler zu vermeiden, dann k\u00f6nnte es auch mit einem guten Ergebnis enden. <\/p>\n\n\n\n<p><br \/><\/p>\n","protected":false},"excerpt":{"rendered":"<p>Sonntag, 17.08.25, 15:00 Uhr: VfB H\u00fcls &#8211; SV Zweckel Nach der Heimspielniederlage zum Auftakt gegen den Erler SV m\u00fcssen die Schwarz-Gr\u00fcnen im Evonik-Sportpark beim VfB H\u00fcls antreten. Die Gastgeber haben im ersten Spiel der Saison beim Aufsteiger SV Hochlar 28 ein 2:2-Unentschieden erzielt und werden jetzt im heimischen Stadion den ersten Sieg einfahren wollen. Der [&hellip;]<\/p>\n","protected":false},"author":3,"featured_media":18278,"comment_status":"open","ping_status":"","sticky":false,"template":"","format":"standard","meta":{"_jetpack_memberships_contains_paid_content":false,"footnotes":"","jetpack_publicize_message":"","jetpack_publicize_feature_enabled":true,"jetpack_social_post_already_shared":true,"jetpack_social_options":{"image_generator_settings":{"template":"highway","default_image_id":0,"font":"","enabled":false},"version":2}},"categories":[3],"tags":[],"class_list":["post-18277","post","type-post","status-publish","format-standard","has-post-thumbnail","hentry","category-allgemein"],"jetpack_publicize_connections":[],"jetpack_featured_media_url":"https:\/\/i0.wp.com\/www.svzweckel.de\/wp-content\/uploads\/wp-17552756570257811349129036961919.jpg?fit=2000%2C1125&ssl=1","jetpack_sharing_enabled":true,"_links":{"self":[{"href":"https:\/\/www.svzweckel.de\/index.php?rest_route=\/wp\/v2\/posts\/18277","targetHints":{"allow":["GET"]}}],"collection":[{"href":"https:\/\/www.svzweckel.de\/index.php?rest_route=\/wp\/v2\/posts"}],"about":[{"href":"https:\/\/www.svzweckel.de\/index.php?rest_route=\/wp\/v2\/types\/post"}],"author":[{"embeddable":true,"href":"https:\/\/www.svzweckel.de\/index.php?rest_route=\/wp\/v2\/users\/3"}],"replies":[{"embeddable":true,"href":"https:\/\/www.svzweckel.de\/index.php?rest_route=%2Fwp%2Fv2%2Fcomments&post=18277"}],"version-history":[{"count":1,"href":"https:\/\/www.svzweckel.de\/index.php?rest_route=\/wp\/v2\/posts\/18277\/revisions"}],"predecessor-version":[{"id":18279,"href":"https:\/\/www.svzweckel.de\/index.php?rest_route=\/wp\/v2\/posts\/18277\/revisions\/18279"}],"wp:featuredmedia":[{"embeddable":true,"href":"https:\/\/www.svzweckel.de\/index.php?rest_route=\/wp\/v2\/media\/18278"}],"wp:attachment":[{"href":"https:\/\/www.svzweckel.de\/index.php?rest_route=%2Fwp%2Fv2%2Fmedia&parent=18277"}],"wp:term":[{"taxonomy":"category","embeddable":true,"href":"https:\/\/www.svzweckel.de\/index.php?rest_route=%2Fwp%2Fv2%2Fcategories&post=18277"},{"taxonomy":"post_tag","embeddable":true,"href":"https:\/\/www.svzweckel.de\/index.php?rest_route=%2Fwp%2Fv2%2Ftags&post=18277"}],"curies":[{"name":"wp","href":"https:\/\/api.w.org\/{rel}","templated":true}]}}