{"id":18282,"date":"2025-08-18T16:34:25","date_gmt":"2025-08-18T14:34:25","guid":{"rendered":"https:\/\/www.svzweckel.de\/?p=18282"},"modified":"2025-08-18T21:42:02","modified_gmt":"2025-08-18T19:42:02","slug":"zweite-niederlage-in-huels","status":"publish","type":"post","link":"https:\/\/www.svzweckel.de\/?p=18282","title":{"rendered":"Zweite Niederlage in H\u00fcls"},"content":{"rendered":"\n<p>VfB H\u00fcls &#8211; SV Zweckel 3:1 (2:0)<\/p>\n\n\n\n<p>Nach der Auftaktniederlage gegen Erle zeigten sich die Zweckeler in Marl deutlich verbessert. Leider fing die Partie \u00e4hnlich an wie am vorigen Sonntag, denn nach einem missgl\u00fcckten Abwehrversuch gingen die Gastgeber bereits in der 3. Minute mit 1:0 in F\u00fchrung. <br \/>In der Folge kassierten die Zweckeler allerdings erst in der 40. Minute durch einen umstrittenen Elfmeter das zweite Gegentor. Diese Entscheidung von Schiedsrichter Justin Boom wurde selbst bei den H\u00fclser Anh\u00e4ngern mit Kopfsch\u00fctteln und Verwunderung zur Kenntnis genommen. <br \/>Nach dem Pausenpfiff kamen die Zweckeler wieder besser ins Spiel und pressten den Gegner besser, so dass sich auch ein spielerisches \u00dcbergewicht ergab. <br \/>Nach sch\u00f6ner Vorarbeit von Justin Schwandt passte der junge Au\u00dfenst\u00fcrmer zu Sebastian Waldner, der mit seinm Schuss den gegnerischen Keeper zum 1:2 \u00fcberwand. Nur einige Minuten vorher war er noch am G\u00e4stekeeper gescheitert.<br \/>In der Folge dr\u00fcckten die Zweckeler auf den Ausgleich, wurden in ihren Bem\u00fchungen allerdings wieder durch einen fragw\u00fcrdigen Elfmeterpfiff des Rerees in der 73. Minute nach hinten geworfen, da sich H\u00fcls diese Chance zur Ergebniserh\u00f6hung fulminant nutzte.<br \/>Danach war bei den Schwarz-Gr\u00fcnen f\u00fcr 10 Minuten die Luft raus, doch dann rappelten sich die G\u00e4ste noch einmal auf, wurden jedoch nicht mehr f\u00fcr ihren Aufwand belohnt. Au\u00dfer einem Schuss von Erdem Kahrman an den Innenpfosten kam nicht mehr heraus.<\/p>\n\n\n\n<p>Nach dem schlechten Auftakt gegen Erle zeigten die Zweckeler sich verbessert, obwohl kurzfristig noch Marlon Boris, Bassam Uygur und Milad Sahebzada an diesem Sonntag nicht zur Verf\u00fcgung standen. <br \/><\/p>\n","protected":false},"excerpt":{"rendered":"<p>VfB H\u00fcls &#8211; SV Zweckel 3:1 (2:0) Nach der Auftaktniederlage gegen Erle zeigten sich die Zweckeler in Marl deutlich verbessert. Leider fing die Partie \u00e4hnlich an wie am vorigen Sonntag, denn nach einem missgl\u00fcckten Abwehrversuch gingen die Gastgeber bereits in der 3. Minute mit 1:0 in F\u00fchrung. In der Folge kassierten die Zweckeler allerdings erst [&hellip;]<\/p>\n","protected":false},"author":3,"featured_media":18280,"comment_status":"open","ping_status":"","sticky":false,"template":"","format":"standard","meta":{"_jetpack_memberships_contains_paid_content":false,"footnotes":"","jetpack_publicize_message":"","jetpack_publicize_feature_enabled":true,"jetpack_social_post_already_shared":true,"jetpack_social_options":{"image_generator_settings":{"template":"highway","default_image_id":0,"font":"","enabled":false},"version":2}},"categories":[3],"tags":[],"class_list":["post-18282","post","type-post","status-publish","format-standard","has-post-thumbnail","hentry","category-allgemein"],"jetpack_publicize_connections":[],"jetpack_featured_media_url":"https:\/\/i0.wp.com\/www.svzweckel.de\/wp-content\/uploads\/wp-17554460724826957943729350047131.jpg?fit=2000%2C1125&ssl=1","jetpack_sharing_enabled":true,"_links":{"self":[{"href":"https:\/\/www.svzweckel.de\/index.php?rest_route=\/wp\/v2\/posts\/18282","targetHints":{"allow":["GET"]}}],"collection":[{"href":"https:\/\/www.svzweckel.de\/index.php?rest_route=\/wp\/v2\/posts"}],"about":[{"href":"https:\/\/www.svzweckel.de\/index.php?rest_route=\/wp\/v2\/types\/post"}],"author":[{"embeddable":true,"href":"https:\/\/www.svzweckel.de\/index.php?rest_route=\/wp\/v2\/users\/3"}],"replies":[{"embeddable":true,"href":"https:\/\/www.svzweckel.de\/index.php?rest_route=%2Fwp%2Fv2%2Fcomments&post=18282"}],"version-history":[{"count":2,"href":"https:\/\/www.svzweckel.de\/index.php?rest_route=\/wp\/v2\/posts\/18282\/revisions"}],"predecessor-version":[{"id":18284,"href":"https:\/\/www.svzweckel.de\/index.php?rest_route=\/wp\/v2\/posts\/18282\/revisions\/18284"}],"wp:featuredmedia":[{"embeddable":true,"href":"https:\/\/www.svzweckel.de\/index.php?rest_route=\/wp\/v2\/media\/18280"}],"wp:attachment":[{"href":"https:\/\/www.svzweckel.de\/index.php?rest_route=%2Fwp%2Fv2%2Fmedia&parent=18282"}],"wp:term":[{"taxonomy":"category","embeddable":true,"href":"https:\/\/www.svzweckel.de\/index.php?rest_route=%2Fwp%2Fv2%2Fcategories&post=18282"},{"taxonomy":"post_tag","embeddable":true,"href":"https:\/\/www.svzweckel.de\/index.php?rest_route=%2Fwp%2Fv2%2Ftags&post=18282"}],"curies":[{"name":"wp","href":"https:\/\/api.w.org\/{rel}","templated":true}]}}