{"id":18285,"date":"2025-08-21T22:51:09","date_gmt":"2025-08-21T20:51:09","guid":{"rendered":"https:\/\/www.svzweckel.de\/?p=18285"},"modified":"2025-08-21T22:51:09","modified_gmt":"2025-08-21T20:51:09","slug":"auswaerts-beim-aufsteiger","status":"publish","type":"post","link":"https:\/\/www.svzweckel.de\/?p=18285","title":{"rendered":"Ausw\u00e4rts beim Aufsteiger"},"content":{"rendered":"\n<p>Sonntag, 24.08.25, 15:15 Uhr: SV Hochlar 28 &#8211; SV Zweckel<\/p>\n\n\n\n<p>Nach der zweiten Niederlage in Folge wollen die Schwarz-Gr\u00fcnen beim Aufsteiger aus Recklinghausen einen Fehlstart vermeiden und endlich die ersten Punkte einfahren. <br \/>Die Gastgeber haben im Auftaktspiel gegen den VfB H\u00fcls ein Remis erzielt und mussten am letzten Sonntag eine 5:2-Niederlage bei Firtinaspor hinnehmen. Beim Turnier in Herten haben die Zweckeler in der Vorbereitung schon einmal \u00fcber eine kurze Distanz gegen Hochlar gespielt und 1:0 verloren. Das soll sich am kommenden Sonntag \u00e4ndern.<\/p>\n\n\n\n<p>Mit Marlon Boris, Eray Ciplak, Bassam Uygur, Milad Sahebzada und Yllie Rushiti kommen einige Spieler zur\u00fcck in den Kader, die am letzten Sonntag in H\u00fcls leider nicht zur Verf\u00fcgung standen. <br \/>Beide Mannschaften k\u00f6nnten sich mit einem Sieg schnell in das Mittelfeld der Liga beamen und einen kompletten Fehlstart vermeiden.<br \/>Das Ausw\u00e4rtsspiel in H\u00fcls wurde durch die Zweckeler schon besser gestaltet als das Auftaktspiel gegen Erle, zumal das erste Gegentor genauso fr\u00fch fiel wie gegen Erle, ohne dass die Zweckeler Mannschaft jedoch am Badeweiher in der ersten Halbzeit auseinandergefallen ist. <\/p>\n\n\n\n<p>Die junge Mannschaft muss weiter an sich glauben, mit Engagement ans Werk gehen und endlich mal fehlerfrei spielen, um den Gegner nicht zum Toreschie\u00dfen einzuladen. <\/p>\n\n\n\n<p>Adresse:<br \/>SV Hochlar 28, Averdunkstra\u00dfe 15, 45659 Recklinghausen<br \/><\/p>\n","protected":false},"excerpt":{"rendered":"<p>Sonntag, 24.08.25, 15:15 Uhr: SV Hochlar 28 &#8211; SV Zweckel Nach der zweiten Niederlage in Folge wollen die Schwarz-Gr\u00fcnen beim Aufsteiger aus Recklinghausen einen Fehlstart vermeiden und endlich die ersten Punkte einfahren. Die Gastgeber haben im Auftaktspiel gegen den VfB H\u00fcls ein Remis erzielt und mussten am letzten Sonntag eine 5:2-Niederlage bei Firtinaspor hinnehmen. Beim [&hellip;]<\/p>\n","protected":false},"author":3,"featured_media":18286,"comment_status":"open","ping_status":"","sticky":false,"template":"","format":"standard","meta":{"_jetpack_memberships_contains_paid_content":false,"footnotes":"","jetpack_publicize_message":"","jetpack_publicize_feature_enabled":true,"jetpack_social_post_already_shared":true,"jetpack_social_options":{"image_generator_settings":{"template":"highway","default_image_id":0,"font":"","enabled":false},"version":2}},"categories":[3],"tags":[],"class_list":["post-18285","post","type-post","status-publish","format-standard","has-post-thumbnail","hentry","category-allgemein"],"jetpack_publicize_connections":[],"jetpack_featured_media_url":"https:\/\/i0.wp.com\/www.svzweckel.de\/wp-content\/uploads\/wp-17558082751795728107023117997691.jpg?fit=2000%2C1125&ssl=1","jetpack_sharing_enabled":true,"_links":{"self":[{"href":"https:\/\/www.svzweckel.de\/index.php?rest_route=\/wp\/v2\/posts\/18285","targetHints":{"allow":["GET"]}}],"collection":[{"href":"https:\/\/www.svzweckel.de\/index.php?rest_route=\/wp\/v2\/posts"}],"about":[{"href":"https:\/\/www.svzweckel.de\/index.php?rest_route=\/wp\/v2\/types\/post"}],"author":[{"embeddable":true,"href":"https:\/\/www.svzweckel.de\/index.php?rest_route=\/wp\/v2\/users\/3"}],"replies":[{"embeddable":true,"href":"https:\/\/www.svzweckel.de\/index.php?rest_route=%2Fwp%2Fv2%2Fcomments&post=18285"}],"version-history":[{"count":1,"href":"https:\/\/www.svzweckel.de\/index.php?rest_route=\/wp\/v2\/posts\/18285\/revisions"}],"predecessor-version":[{"id":18287,"href":"https:\/\/www.svzweckel.de\/index.php?rest_route=\/wp\/v2\/posts\/18285\/revisions\/18287"}],"wp:featuredmedia":[{"embeddable":true,"href":"https:\/\/www.svzweckel.de\/index.php?rest_route=\/wp\/v2\/media\/18286"}],"wp:attachment":[{"href":"https:\/\/www.svzweckel.de\/index.php?rest_route=%2Fwp%2Fv2%2Fmedia&parent=18285"}],"wp:term":[{"taxonomy":"category","embeddable":true,"href":"https:\/\/www.svzweckel.de\/index.php?rest_route=%2Fwp%2Fv2%2Fcategories&post=18285"},{"taxonomy":"post_tag","embeddable":true,"href":"https:\/\/www.svzweckel.de\/index.php?rest_route=%2Fwp%2Fv2%2Ftags&post=18285"}],"curies":[{"name":"wp","href":"https:\/\/api.w.org\/{rel}","templated":true}]}}