{"id":18399,"date":"2025-09-05T10:58:15","date_gmt":"2025-09-05T08:58:15","guid":{"rendered":"https:\/\/www.svzweckel.de\/?p=18399"},"modified":"2025-09-05T10:58:15","modified_gmt":"2025-09-05T08:58:15","slug":"zweckel-hofft-in-hassel-auf-die-wende","status":"publish","type":"post","link":"https:\/\/www.svzweckel.de\/?p=18399","title":{"rendered":"Zweckel hofft in Hassel auf die Wende"},"content":{"rendered":"\n<p>Am Sonntag, den 07. September, um 15:00 Uhr gastiert die Erste Mannschaft des SV Zweckel beim SC Hassel am L\u00fcttinghof.<\/p>\n\n\n\n<p>Die Gr\u00fcn-Schwarzen mussten bislang vier Niederlagen in Folge hinnehmen und warten noch auf die ersten Punkte der Saison. Hoffnung macht die m\u00f6gliche R\u00fcckkehr einiger Spieler in den Kader, die dem Team zus\u00e4tzliche Stabilit\u00e4t und Optionen geben k\u00f6nnten.<\/p>\n\n\n\n<p>Der Gastgeber SC Hassel feierte am vergangenen Sonntag beim 2:3-Erfolg in H\u00fcls seinen ersten Saisonsieg und m\u00f6chte nun zuhause nachlegen. Zweckel will dagegen unbedingt die Negativserie stoppen und endlich ein Erfolgserlebnis einfahren.<\/p>\n\n\n\n<p><\/p>\n","protected":false},"excerpt":{"rendered":"<p>Am Sonntag, den 07. September, um 15:00 Uhr gastiert die Erste Mannschaft des SV Zweckel beim SC Hassel am L\u00fcttinghof. Die Gr\u00fcn-Schwarzen mussten bislang vier Niederlagen in Folge hinnehmen und warten noch auf die ersten Punkte der Saison. Hoffnung macht die m\u00f6gliche R\u00fcckkehr einiger Spieler in den Kader, die dem Team zus\u00e4tzliche Stabilit\u00e4t und Optionen [&hellip;]<\/p>\n","protected":false},"author":3,"featured_media":18400,"comment_status":"open","ping_status":"","sticky":false,"template":"","format":"standard","meta":{"_jetpack_memberships_contains_paid_content":false,"footnotes":"","jetpack_publicize_message":"","jetpack_publicize_feature_enabled":true,"jetpack_social_post_already_shared":true,"jetpack_social_options":{"image_generator_settings":{"template":"highway","default_image_id":0,"font":"","enabled":false},"version":2}},"categories":[3],"tags":[],"class_list":["post-18399","post","type-post","status-publish","format-standard","has-post-thumbnail","hentry","category-allgemein"],"jetpack_publicize_connections":[],"jetpack_featured_media_url":"https:\/\/i0.wp.com\/www.svzweckel.de\/wp-content\/uploads\/DSC00060-Gross.jpg?fit=1620%2C1080&ssl=1","jetpack_sharing_enabled":true,"_links":{"self":[{"href":"https:\/\/www.svzweckel.de\/index.php?rest_route=\/wp\/v2\/posts\/18399","targetHints":{"allow":["GET"]}}],"collection":[{"href":"https:\/\/www.svzweckel.de\/index.php?rest_route=\/wp\/v2\/posts"}],"about":[{"href":"https:\/\/www.svzweckel.de\/index.php?rest_route=\/wp\/v2\/types\/post"}],"author":[{"embeddable":true,"href":"https:\/\/www.svzweckel.de\/index.php?rest_route=\/wp\/v2\/users\/3"}],"replies":[{"embeddable":true,"href":"https:\/\/www.svzweckel.de\/index.php?rest_route=%2Fwp%2Fv2%2Fcomments&post=18399"}],"version-history":[{"count":1,"href":"https:\/\/www.svzweckel.de\/index.php?rest_route=\/wp\/v2\/posts\/18399\/revisions"}],"predecessor-version":[{"id":18401,"href":"https:\/\/www.svzweckel.de\/index.php?rest_route=\/wp\/v2\/posts\/18399\/revisions\/18401"}],"wp:featuredmedia":[{"embeddable":true,"href":"https:\/\/www.svzweckel.de\/index.php?rest_route=\/wp\/v2\/media\/18400"}],"wp:attachment":[{"href":"https:\/\/www.svzweckel.de\/index.php?rest_route=%2Fwp%2Fv2%2Fmedia&parent=18399"}],"wp:term":[{"taxonomy":"category","embeddable":true,"href":"https:\/\/www.svzweckel.de\/index.php?rest_route=%2Fwp%2Fv2%2Fcategories&post=18399"},{"taxonomy":"post_tag","embeddable":true,"href":"https:\/\/www.svzweckel.de\/index.php?rest_route=%2Fwp%2Fv2%2Ftags&post=18399"}],"curies":[{"name":"wp","href":"https:\/\/api.w.org\/{rel}","templated":true}]}}