{"id":18402,"date":"2025-09-05T11:03:09","date_gmt":"2025-09-05T09:03:09","guid":{"rendered":"https:\/\/www.svzweckel.de\/?p=18402"},"modified":"2025-09-05T11:03:09","modified_gmt":"2025-09-05T09:03:09","slug":"zweckel-ii-will-auf-ersten-punktgewinn-aufbauen","status":"publish","type":"post","link":"https:\/\/www.svzweckel.de\/?p=18402","title":{"rendered":"Zweckel II will auf ersten Punktgewinn aufbauen"},"content":{"rendered":"\n<p>Am Sonntag, den 07. September, um 15:00 Uhr, empf\u00e4ngt die Zweite Mannschaft des SV Zweckel auf der Sportanlage an der Dorstener Stra\u00dfe die G\u00e4ste von Schwarz-Blau Gladbeck.<\/p>\n\n\n\n<p>Nach dem ersten Punkt am vergangenen Wochenende gegen Beckhausen 05 wollen die Gr\u00fcn-Schwarzen nun nachlegen und vor heimischem Publikum den n\u00e4chsten Schritt machen.<\/p>\n\n\n\n<p>Die G\u00e4ste aus Gladbeck sind mit einem Sieg und zwei Unentschieden aus drei Spielen noch ungeschlagen in die Saison gestartet. Zweckel II will sich davon nicht beeindrucken lassen und alles daran setzen, den ersten Saisonsieg einzufahren<\/p>\n","protected":false},"excerpt":{"rendered":"<p>Am Sonntag, den 07. September, um 15:00 Uhr, empf\u00e4ngt die Zweite Mannschaft des SV Zweckel auf der Sportanlage an der Dorstener Stra\u00dfe die G\u00e4ste von Schwarz-Blau Gladbeck. Nach dem ersten Punkt am vergangenen Wochenende gegen Beckhausen 05 wollen die Gr\u00fcn-Schwarzen nun nachlegen und vor heimischem Publikum den n\u00e4chsten Schritt machen. Die G\u00e4ste aus Gladbeck sind [&hellip;]<\/p>\n","protected":false},"author":3,"featured_media":18403,"comment_status":"open","ping_status":"","sticky":false,"template":"","format":"standard","meta":{"_jetpack_memberships_contains_paid_content":false,"footnotes":"","jetpack_publicize_message":"","jetpack_publicize_feature_enabled":true,"jetpack_social_post_already_shared":true,"jetpack_social_options":{"image_generator_settings":{"template":"highway","default_image_id":0,"font":"","enabled":false},"version":2}},"categories":[3],"tags":[],"class_list":["post-18402","post","type-post","status-publish","format-standard","has-post-thumbnail","hentry","category-allgemein"],"jetpack_publicize_connections":[],"jetpack_featured_media_url":"https:\/\/i0.wp.com\/www.svzweckel.de\/wp-content\/uploads\/DSC00030-Gross.jpg?fit=1620%2C1080&ssl=1","jetpack_sharing_enabled":true,"_links":{"self":[{"href":"https:\/\/www.svzweckel.de\/index.php?rest_route=\/wp\/v2\/posts\/18402","targetHints":{"allow":["GET"]}}],"collection":[{"href":"https:\/\/www.svzweckel.de\/index.php?rest_route=\/wp\/v2\/posts"}],"about":[{"href":"https:\/\/www.svzweckel.de\/index.php?rest_route=\/wp\/v2\/types\/post"}],"author":[{"embeddable":true,"href":"https:\/\/www.svzweckel.de\/index.php?rest_route=\/wp\/v2\/users\/3"}],"replies":[{"embeddable":true,"href":"https:\/\/www.svzweckel.de\/index.php?rest_route=%2Fwp%2Fv2%2Fcomments&post=18402"}],"version-history":[{"count":1,"href":"https:\/\/www.svzweckel.de\/index.php?rest_route=\/wp\/v2\/posts\/18402\/revisions"}],"predecessor-version":[{"id":18404,"href":"https:\/\/www.svzweckel.de\/index.php?rest_route=\/wp\/v2\/posts\/18402\/revisions\/18404"}],"wp:featuredmedia":[{"embeddable":true,"href":"https:\/\/www.svzweckel.de\/index.php?rest_route=\/wp\/v2\/media\/18403"}],"wp:attachment":[{"href":"https:\/\/www.svzweckel.de\/index.php?rest_route=%2Fwp%2Fv2%2Fmedia&parent=18402"}],"wp:term":[{"taxonomy":"category","embeddable":true,"href":"https:\/\/www.svzweckel.de\/index.php?rest_route=%2Fwp%2Fv2%2Fcategories&post=18402"},{"taxonomy":"post_tag","embeddable":true,"href":"https:\/\/www.svzweckel.de\/index.php?rest_route=%2Fwp%2Fv2%2Ftags&post=18402"}],"curies":[{"name":"wp","href":"https:\/\/api.w.org\/{rel}","templated":true}]}}