{"id":18408,"date":"2025-09-09T16:32:50","date_gmt":"2025-09-09T14:32:50","guid":{"rendered":"https:\/\/www.svzweckel.de\/?p=18408"},"modified":"2025-09-09T19:58:58","modified_gmt":"2025-09-09T17:58:58","slug":"sv-zweckel-und-marc-bahl-gehen-getrennte-wege","status":"publish","type":"post","link":"https:\/\/www.svzweckel.de\/?p=18408","title":{"rendered":"SV Zweckel und Marc Bahl gehen getrennte Wege"},"content":{"rendered":"\n<p>Schwere Zeiten liegen hinter unserer Ersten. Nach der Niederlagenserie ohne Punktgewinn hat sich der SV Zweckel dazu entschlossen, die Zusammenarbeit mit Trainer Marc Bahl zu beenden. Diese Entscheidung ist dem Vorstand nicht leicht gefallen, denn Marc hat mit gro\u00dfem Engagement und Leidenschaft f\u00fcr unseren Verein gearbeitet.<\/p>\n\n\n\n<p>Er hatte im September 2023 unter schwierigen Bedingungen das Traineramt \u00fcbernommen und es geschafft, die Mannschaft zwei Spieljahre in der Bezirksliga zu halten \u2013 ein Verdienst, der hoch anzurechnen ist.<\/p>\n\n\n\n<p>Der SV Zweckel bedankt sich herzlich bei Marc Bahl f\u00fcr seinen Einsatz auf und neben dem Platz und w\u00fcnscht ihm f\u00fcr die Zukunft alles Gute!<\/p>\n\n\n\n<p>Bis auf Weiteres wird Co-Trainer Albert Alex die Mannschaft \u00fcbernehmen und versuchen, gemeinsam mit dem Team den dringend ben\u00f6tigten sportlichen Umschwung einzuleiten.<\/p>\n","protected":false},"excerpt":{"rendered":"<p>Schwere Zeiten liegen hinter unserer Ersten. Nach der Niederlagenserie ohne Punktgewinn hat sich der SV Zweckel dazu entschlossen, die Zusammenarbeit mit Trainer Marc Bahl zu beenden. Diese Entscheidung ist dem Vorstand nicht leicht gefallen, denn Marc hat mit gro\u00dfem Engagement und Leidenschaft f\u00fcr unseren Verein gearbeitet. Er hatte im September 2023 unter schwierigen Bedingungen das [&hellip;]<\/p>\n","protected":false},"author":3,"featured_media":18409,"comment_status":"open","ping_status":"","sticky":false,"template":"","format":"standard","meta":{"_jetpack_memberships_contains_paid_content":false,"footnotes":"","jetpack_publicize_message":"","jetpack_publicize_feature_enabled":true,"jetpack_social_post_already_shared":true,"jetpack_social_options":{"image_generator_settings":{"template":"highway","default_image_id":0,"font":"","enabled":false},"version":2}},"categories":[3],"tags":[],"class_list":["post-18408","post","type-post","status-publish","format-standard","has-post-thumbnail","hentry","category-allgemein"],"jetpack_publicize_connections":[],"jetpack_featured_media_url":"https:\/\/i0.wp.com\/www.svzweckel.de\/wp-content\/uploads\/Bahl_M-1-scaled.jpg?fit=2560%2C1849&ssl=1","jetpack_sharing_enabled":true,"_links":{"self":[{"href":"https:\/\/www.svzweckel.de\/index.php?rest_route=\/wp\/v2\/posts\/18408","targetHints":{"allow":["GET"]}}],"collection":[{"href":"https:\/\/www.svzweckel.de\/index.php?rest_route=\/wp\/v2\/posts"}],"about":[{"href":"https:\/\/www.svzweckel.de\/index.php?rest_route=\/wp\/v2\/types\/post"}],"author":[{"embeddable":true,"href":"https:\/\/www.svzweckel.de\/index.php?rest_route=\/wp\/v2\/users\/3"}],"replies":[{"embeddable":true,"href":"https:\/\/www.svzweckel.de\/index.php?rest_route=%2Fwp%2Fv2%2Fcomments&post=18408"}],"version-history":[{"count":1,"href":"https:\/\/www.svzweckel.de\/index.php?rest_route=\/wp\/v2\/posts\/18408\/revisions"}],"predecessor-version":[{"id":18410,"href":"https:\/\/www.svzweckel.de\/index.php?rest_route=\/wp\/v2\/posts\/18408\/revisions\/18410"}],"wp:featuredmedia":[{"embeddable":true,"href":"https:\/\/www.svzweckel.de\/index.php?rest_route=\/wp\/v2\/media\/18409"}],"wp:attachment":[{"href":"https:\/\/www.svzweckel.de\/index.php?rest_route=%2Fwp%2Fv2%2Fmedia&parent=18408"}],"wp:term":[{"taxonomy":"category","embeddable":true,"href":"https:\/\/www.svzweckel.de\/index.php?rest_route=%2Fwp%2Fv2%2Fcategories&post=18408"},{"taxonomy":"post_tag","embeddable":true,"href":"https:\/\/www.svzweckel.de\/index.php?rest_route=%2Fwp%2Fv2%2Ftags&post=18408"}],"curies":[{"name":"wp","href":"https:\/\/api.w.org\/{rel}","templated":true}]}}